{"id":2501,"date":"2022-07-05T14:22:35","date_gmt":"2022-07-05T17:22:35","guid":{"rendered":"https:\/\/marelliblog2022.protoaws.dzigual.com.br\/?p=2501"},"modified":"2025-11-21T11:51:23","modified_gmt":"2025-11-21T14:51:23","slug":"arquitetura-corporativa-principais-desafios-e-como-supera-los","status":"publish","type":"post","link":"https:\/\/www.marelli.com.br\/blog\/arquitetura-corporativa-principais-desafios-e-como-supera-los\/","title":{"rendered":"O que \u00e9 arquitetura corporativa: 4 principais desafios e como super\u00e1-los?"},"content":{"rendered":"\n<p>Sabemos que a&nbsp;<strong>arquitetura corporativa<\/strong>&nbsp;envolve muito mais que o resultado est\u00e9tico que ela proporciona, afinal, a arquitetura empresarial deve considerar o bem-estar, a produtividade e a imagem da empresa.<\/p>\n\n\n\n<p>Por isso, resolvemos tratar deste tema neste post. Vamos abordar o que \u00e9 arquitetura corporativa e seus principais desafios. Nossa ideia \u00e9&nbsp;mostrar como \u00e9 poss\u00edvel super\u00e1-los com conhecimento e criatividade.&nbsp;<em>Confira!<\/em><\/p>\n\n\n\n<h2 style=\"font-size:26px\"><strong>O que \u00e9 arquitetura corporativa?<\/strong><\/h2>\n\n\n\n<p>A arquitetura corporativa tem como objetivo&nbsp;<strong>criar espa\u00e7os funcionais e esteticamente alinhados ao valores e \u00e0 imagem<\/strong>&nbsp;de uma empresa.<\/p>\n\n\n\n<p>Um projeto de arquitetura empresarial bem elaborado contribui para que uma organiza\u00e7\u00e3o alcance diversos de seus objetivos, como:<\/p>\n\n\n\n<ul><li>produtividade,<\/li><li>qualidade de vida dos colaboradores,<\/li><li>imagem positiva junto aos clientes,<\/li><li>colabora\u00e7\u00e3o,<\/li><li>facilidade para realiza\u00e7\u00e3o das tarefas.<\/li><\/ul>\n\n\n\n<p>Mas se j\u00e1 \u00e9 dif\u00edcil conciliar interesses e criar um projeto perfeito para os habitantes de uma \u00fanica resid\u00eancia, imagine o desafio de harmonizar as necessidades e desejos de uma s\u00e9rie de funcion\u00e1rios, que realizam as mais diferentes atividades em seu dia a dia.<\/p>\n\n\n\n<p>Pensando em te ajudar a driblar os principais desafios da arquitetura corporativa, listamos a seguir quais s\u00e3o eles e como resolv\u00ea-los.&nbsp;<\/p>\n\n\n\n<h2 style=\"font-size:26px\"><strong>Principais desafios da arquitetura em ambientes corporativos<\/strong><\/h2>\n\n\n\n<p>A seguir apresentamos quatro desafios da arquitetura em ambientes corporativos:<\/p>\n\n\n\n<ol><li>Refletir a cultura organizacional na Arquitetura Corporativa<\/li><li>Garantir conforto e qualidade de vida aos colaboradores<\/li><li>Otimizar o espa\u00e7o<\/li><li>Equilibrar privacidade e colabora\u00e7\u00e3o<\/li><\/ol>\n\n\n\n<p>Entenda melhor, a seguir.&nbsp;<\/p>\n\n\n\n<h3 class=\"has-medium-font-size\"><strong>1. Refletir a cultura organizacional na Arquitetura Corporativa<\/strong><\/h3>\n\n\n\n<p>Antes mesmo de iniciar um projeto de arquitetura corporativa, o profissional deve mergulhar no universo daquela companhia. Ele precisa entender:<\/p>\n\n\n\n<ul><li>os valores que ela adota,<\/li><li>qual \u00e9 o perfil dos colaboradores,<\/li><li>as atividades realizadas naquele espa\u00e7o.<\/li><\/ul>\n\n\n\n<p>Um projeto excelente e criativo para empresas de um determinado setor pode ser completamente incoerente com a identidade de organiza\u00e7\u00f5es que atuam em ramos diferentes.<\/p>\n\n\n\n<p>Por isso, \u00e9 essencial que o arquiteto corporativo saiba qual \u00e9 a imagem que a empresa precisa transmitir.<\/p>\n\n\n\n<p><em>Tradi\u00e7\u00e3o ou inova\u00e7\u00e3o?<\/em><\/p>\n\n\n\n<p><em>Formalidade ou proximidade?<\/em><\/p>\n\n\n\n<p><em>Tecnologia ou humaniza\u00e7\u00e3o?<\/em><\/p>\n\n\n\n<p><em>Credibilidade ou criatividade?<\/em><\/p>\n\n\n\n<p>N\u00e3o que essas caracter\u00edsticas sejam autoexcludentes, mas deve-se priorizar o valor que a empresa pretende enfatizar junto aos clientes.<\/p>\n\n\n\n<p>Portanto, o primeiro passo para um projeto bem-sucedido dentro da arquitetura corporativa \u00e9&nbsp;<strong>fazer um briefing detalhado.<\/strong><\/p>\n\n\n\n<p>Conversar com as pessoas e observar atentamente o ambiente \u00e9 t\u00e3o importante quanto as respostas \u201coficiais\u201d, pois permitem identificar necessidades impl\u00edcitas.<\/p>\n\n\n\n<h3 class=\"has-medium-font-size\"><strong>2. Garantir conforto e qualidade de vida aos colaboradores<\/strong><\/h3>\n\n\n\n<p>A maior parte dos trabalhadores passa um bom tempo de suas vidas dentro de uma empresa. S\u00e3o horas e horas semanais sempre entre das mesmas paredes, \u00e0s vezes exercendo fun\u00e7\u00f5es que podem ser estressantes.<\/p>\n\n\n\n<p>O ambiente pode agravar essa situa\u00e7\u00e3o ou ameniz\u00e1-la. Isso torna a preocupa\u00e7\u00e3o com a sa\u00fade, conforto e qualidade de vida dos colaboradores uma prioridade na elabora\u00e7\u00e3o de&nbsp;projetos arquitet\u00f4nicos corporativos.<\/p>\n\n\n\n<p>Criar um espa\u00e7o agrad\u00e1vel, que favore\u00e7a o bem-estar, exige que o arquiteto esteja sempre atento a novas solu\u00e7\u00f5es.<\/p>\n\n\n\n<p>Existem empresas que desenvolvem tecnologias e criam produtos que amenizam esses problemas. Entre as solu\u00e7\u00f5es adotadas na arquitetura corporativa, podemos citar:<\/p>\n\n\n\n<ul><li>divis\u00f3rias e revestimentos de parede que absorvem ru\u00eddos,<\/li><li>carpetes que garantem conforto sem prejudicar os al\u00e9rgicos,<\/li><li>jardins verticais ou internos que purificam o ar do ambiente e que ajudam o funcion\u00e1rio a aliviar a mente s\u00e3o algumas dessas op\u00e7\u00f5es.<\/li><\/ul>\n\n\n\n<p>Da mesma forma, h\u00e1 solu\u00e7\u00f5es para diversos aspectos:<\/p>\n\n\n\n<ul><li>ilumina\u00e7\u00e3o,<\/li><li>isolamento ac\u00fastico,<\/li><li>cabeamento eficiente e o mais oculto poss\u00edvel,<\/li><li>limpeza e conserva\u00e7\u00e3o do ambiente,<\/li><li>medidas de seguran\u00e7a no trabalho, entre outros.<\/li><\/ul>\n\n\n\n<p>N\u00e3o se pode esquecer tamb\u00e9m da import\u00e2ncia do&nbsp;mobili\u00e1rio corporativo. O efeito imediato do desconforto dos funcion\u00e1rios \u00e9 a&nbsp;<strong>baixa produtividade<\/strong>, mas a longo prazo os resultados s\u00e3o ainda mais preocupantes.<\/p>\n\n\n\n<p>Postura inadequada, por exemplo, pode ocasionar problemas s\u00e9rios de sa\u00fade nos colaboradores.<\/p>\n\n\n\n<p>Ali\u00e1s, dores nas costas est\u00e3o entre as principais causas de&nbsp;absente\u00edsmo&nbsp;no Brasil. Portanto, deve-se priorizar a&nbsp;ergonomia&nbsp;e usar m\u00f3veis projetados e fabricados com os melhores materiais e tecnologias para evitar essas consequ\u00eancias.<\/p>\n\n\n\n<p>Portanto, \u00e9 fundamental que o arquiteto corporativo busque boas refer\u00eancias, pesquise novas alternativas e fique antenado \u00e0s possibilidades que o mercado apresenta.<\/p>\n\n\n\n<p>Desta forma, o projeto vai favorecer o bem-estar e&nbsp;qualidade de vida no ambiente de trabalho&nbsp;e a produtividade da companhia.<\/p>\n\n\n\n<h3 class=\"has-medium-font-size\"><strong>3. Otimizar o espa\u00e7o<\/strong><\/h3>\n\n\n\n<p>Entre a realidade e a solu\u00e7\u00e3o ideal, muitas empresas encontram um grande obst\u00e1culo: o tamanho do local de trabalho. E esse \u00e9 um dos aspectos que mais demanda a&nbsp;<strong>criatividade do arquiteto<\/strong>.<\/p>\n\n\n\n<p>Especialmente nas grandes cidades, as companhias necessitam de uma solu\u00e7\u00e3o interna para o problema. Nesses locais, a expans\u00e3o das empresas \u00e9 extremamente cara, tornando novas loca\u00e7\u00f5es ou aquisi\u00e7\u00f5es invi\u00e1veis.<\/p>\n\n\n\n<p>Por isso, cabe ao arquiteto encontrar uma maneira de encaixar todos os colaboradores em um espa\u00e7o pequeno e ainda torn\u00e1-lo funcional.<\/p>\n\n\n\n<p>O profissional pode otimizar esse espa\u00e7o de diversas formas. Uma das principais ferramentas da arquitetura corporativa \u00e9 um&nbsp;design de escrit\u00f3rio inteligente&nbsp;que melhora a funcionalidade do ambiente mesmo em \u00e1reas reduzidas.<\/p>\n\n\n\n<p>Al\u00e9m disso, o arquiteto pode equipar esse espa\u00e7o com&nbsp;mobili\u00e1rio funcional. Ele permite agregar utilidades, o que leva a um aproveitamento melhor da \u00e1rea.<\/p>\n\n\n\n<p>Outra vantagem \u00e9 que esses m\u00f3veis facilitam a organiza\u00e7\u00e3o dos objetos, deixando o ambiente mais agrad\u00e1vel e reduzindo o tempo de realiza\u00e7\u00e3o das tarefas di\u00e1rias.<\/p>\n\n\n\n<figure class=\"wp-block-image size-full\"><img loading=\"lazy\" width=\"700\" height=\"448\" src=\"https:\/\/www.marelli.com.br\/blog\/wp-content\/uploads\/2022\/07\/image-35.png\" alt=\"\" class=\"wp-image-2504\" srcset=\"https:\/\/www.marelli.com.br\/blog\/wp-content\/uploads\/2022\/07\/image-35.png 700w, https:\/\/www.marelli.com.br\/blog\/wp-content\/uploads\/2022\/07\/image-35-300x192.png 300w, https:\/\/www.marelli.com.br\/blog\/wp-content\/uploads\/2022\/07\/image-35-370x237.png 370w, https:\/\/www.marelli.com.br\/blog\/wp-content\/uploads\/2022\/07\/image-35-470x301.png 470w\" sizes=\"(max-width: 700px) 100vw, 700px\" \/><\/figure>\n\n\n\n<h3 class=\"has-medium-font-size\"><strong>4. Equilibrar privacidade e colabora\u00e7\u00e3o na arquitetura corporativa<\/strong><\/h3>\n\n\n\n<p>Espa\u00e7os muito compartimentados, cheios de salas fechadas, com paredes e separa\u00e7\u00f5es, est\u00e3o caindo em desuso.<\/p>\n\n\n\n<p>Isso n\u00e3o \u00e9 simplesmente uma moda, mas uma maneira de facilitar as atividades que a maioria das empresas realiza no dia a dia.<\/p>\n\n\n\n<p>Hoje as organiza\u00e7\u00f5es adotam uma nova din\u00e2mica de trabalho. A informa\u00e7\u00e3o precisa fluir livremente e tudo o que&nbsp;<strong>dificulta a intera\u00e7\u00e3o<\/strong>&nbsp;entre as pessoas est\u00e1 sendo retirado do ambiente corporativo.<\/p>\n\n\n\n<p>Por isso, muitas empresas est\u00e3o adotando&nbsp;<strong>espa\u00e7os abertos<\/strong>&nbsp;e amplos, que re\u00fanem um grupo maior de funcion\u00e1rios.<\/p>\n\n\n\n<p>Al\u00e9m de favorecer o tr\u00e2nsito da informa\u00e7\u00e3o e a integra\u00e7\u00e3o, esse layout ajuda a conectar os colaboradores e fortalecer o esp\u00edrito de equipe.<\/p>\n\n\n\n<figure class=\"wp-block-image size-full\"><img loading=\"lazy\" width=\"700\" height=\"467\" src=\"https:\/\/www.marelli.com.br\/blog\/wp-content\/uploads\/2022\/07\/image-36.png\" alt=\"\" class=\"wp-image-2505\" srcset=\"https:\/\/www.marelli.com.br\/blog\/wp-content\/uploads\/2022\/07\/image-36.png 700w, https:\/\/www.marelli.com.br\/blog\/wp-content\/uploads\/2022\/07\/image-36-300x200.png 300w, https:\/\/www.marelli.com.br\/blog\/wp-content\/uploads\/2022\/07\/image-36-370x247.png 370w, https:\/\/www.marelli.com.br\/blog\/wp-content\/uploads\/2022\/07\/image-36-470x314.png 470w\" sizes=\"(max-width: 700px) 100vw, 700px\" \/><\/figure>\n\n\n\n<p>No entanto, algumas atividades ainda requerem um certo n\u00edvel de privacidade, seja para n\u00e3o expor quest\u00f5es delicadas ou para favorecer a concentra\u00e7\u00e3o.<\/p>\n\n\n\n<p>Para atender essa necessidade, o arquiteto corporativo precisa tamb\u00e9m criar espa\u00e7os reservados.<\/p>\n\n\n\n<p>Entre as muitas alternativas, as paredes ou&nbsp;divis\u00f3rias para escrit\u00f3rios&nbsp;\u2014 totais ou parciais \u2014 s\u00e3o uma excelente op\u00e7\u00e3o. As divis\u00f3rias de vidro garantem a privacidade sem afetar a percep\u00e7\u00e3o de um espa\u00e7o aberto. Portanto, neles as pessoas n\u00e3o se sentem enclausuradas.<\/p>\n\n\n\n<p>No v\u00eddeo abaixo a arquiteta Priscilla Bencke explica um pouco mais sobre&nbsp;<strong>como usar as divis\u00f3rias para criar ambientes com privacidade sem perder a capacidade de integra\u00e7\u00e3o<\/strong>, dentro da arquitetura corporativa.&nbsp;<\/p>\n\n\n\n<figure class=\"wp-block-embed is-type-video is-provider-youtube wp-block-embed-youtube wp-embed-aspect-16-9 wp-has-aspect-ratio\"><div class=\"wp-block-embed__wrapper\">\n<iframe loading=\"lazy\" title=\"Talk de Conte\u00fado com Priscilla Bencke - Divis\u00f3rias Piso-Teto\" width=\"1440\" height=\"810\" src=\"https:\/\/www.youtube.com\/embed\/LQtBdX0dM-Q?feature=oembed\" frameborder=\"0\" allow=\"accelerometer; autoplay; clipboard-write; encrypted-media; gyroscope; picture-in-picture; web-share\" allowfullscreen><\/iframe>\n<\/div><\/figure>\n\n\n\n<p>Tamb\u00e9m \u00e9 importante que o arquiteto entenda que tipo de intera\u00e7\u00e3o ocorre com os clientes no ambiente corporativo.<\/p>\n\n\n\n<p><em>Eles nunca aparecem no espa\u00e7o?<\/em><\/p>\n\n\n\n<p><em>Recebem atendimento individualizado?<\/em><\/p>\n\n\n\n<p><em>Participam de reuni\u00f5es coletivas?<\/em><\/p>\n\n\n\n<p>Essas quest\u00f5es v\u00e3o ajud\u00e1-lo a desenhar ambientes coletivos e privativos que atendam \u00e0s necessidades da companhia em todos os seus momentos, tornando o projeto de arquitetura corporativa ainda mais funcional e adequado.<\/p>\n\n\n\n<h2 style=\"font-size:26px\"><strong>Onde encontrar m\u00f3veis e divis\u00f3rias para projeto corporativo?<\/strong><\/h2>\n\n\n\n<p>Voc\u00ea est\u00e1 buscando um&nbsp;fornecedor dos m\u00f3veis&nbsp;respons\u00e1vel e de qualidade para seu projeto corporativo?<\/p>\n\n\n\n<p>J\u00e1 encontrou dificuldades com outros fornecedores, por falta de qualidade,&nbsp;<a href=\"https:\/\/www.marelli.com.br\/ergonomia\">ergonomia<\/a>&nbsp;e at\u00e9 compromisso com o prazo de entrega de montagem?&nbsp;<\/p>\n\n\n\n<p>Na&nbsp;<a href=\"https:\/\/www.marelli.com.br\/\">Marelli<\/a>, estamos altamente comprometidos com a satisfa\u00e7\u00e3o dos nossos clientes.<\/p>\n\n\n\n<figure class=\"wp-block-embed is-type-video is-provider-youtube wp-block-embed-youtube wp-embed-aspect-16-9 wp-has-aspect-ratio\"><div class=\"wp-block-embed__wrapper\">\n<iframe loading=\"lazy\" title=\"Marelli - O ambiente motiva (red.)\" width=\"1440\" height=\"810\" src=\"https:\/\/www.youtube.com\/embed\/ZS87rJncRnc?feature=oembed\" frameborder=\"0\" allow=\"accelerometer; autoplay; clipboard-write; encrypted-media; gyroscope; picture-in-picture; web-share\" allowfullscreen><\/iframe>\n<\/div><\/figure>\n\n\n\n<p>Com mais de 35 anos no mercado e mais de 30 lojas espalhadas no Brasil e na Am\u00e9rica do Sul, j\u00e1 comprovamos nossa capacidade em estabelecer rela\u00e7\u00f5es de confian\u00e7a a longo prazo com escrit\u00f3rios de arquitetura, designers de interiores e empres\u00e1rios.<\/p>\n\n\n\n<p>Com o diferencial de oferecermos uma&nbsp;<strong>solu\u00e7\u00e3o completa<\/strong>&nbsp;em&nbsp;<a href=\"https:\/\/www.marelli.com.br\/produtos-marelli\/mobiliario\/\"><strong>mobili\u00e1rio corporativo<\/strong><\/a>:&nbsp;<strong>assentos<\/strong>,&nbsp;<strong>m\u00f3veis<\/strong>&nbsp;e&nbsp;<strong>divis\u00f3rias piso teto<\/strong>, podemos ser o parceiro que voc\u00ea est\u00e1 procurando para seus projetos de layout funcional.<\/p>\n\n\n\n<p>\u2192&nbsp;<a href=\"https:\/\/www.marelli.com.br\/orcamento-projeto\">Solicite seu Or\u00e7amento&nbsp;<\/a>\u2190&nbsp;<\/p>\n\n\n\n<p>Neste post n\u00f3s reunimos alguns dos<strong>&nbsp;principais desafios da arquitetura corporativa<\/strong>. S\u00e3o os mesmos que voc\u00ea encontra no dia a dia? E as dicas, foram \u00fateis?<\/p>\n\n\n\n<p>Ent\u00e3o que tal acompanhar o nosso conte\u00fado e descobrir novidades relevantes para o seu setor? N\u00f3s sempre falamos sobre elas aqui no blog. Para n\u00e3o perder nada \u00e9 s\u00f3 nos seguir no&nbsp;<a href=\"https:\/\/www.facebook.com\/MarelliOficial\" target=\"_blank\" rel=\"noreferrer noopener\">Facebook<\/a>,&nbsp;<a href=\"https:\/\/www.linkedin.com\/company\/marelli-ambientes-racionais\/\" target=\"_blank\" rel=\"noreferrer noopener\">LinkedIn<\/a>&nbsp;e&nbsp;<a href=\"https:\/\/www.instagram.com\/marellioficial\/\" target=\"_blank\" rel=\"noreferrer noopener\">Instagram<\/a>! Nos encontramos por l\u00e1!<\/p>\n","protected":false},"excerpt":{"rendered":"<p>Sabemos que a&nbsp;arquitetura corporativa&nbsp;envolve muito mais que o resultado est\u00e9tico que ela proporciona, afinal, a arquitetura empresarial deve considerar o bem-estar, a produtividade e a imagem da empresa. Por isso, resolvemos tratar deste tema neste post. Vamos abordar&hellip;<\/p>\n","protected":false},"author":2,"featured_media":2503,"comment_status":"closed","ping_status":"open","sticky":false,"template":"","format":"standard","meta":[],"categories":[48,51,62],"tags":[],"yoast_head":"<!-- This site is optimized with the Yoast SEO plugin v19.1 - https:\/\/yoast.com\/wordpress\/plugins\/seo\/ -->\n<title>O que \u00e9 arquitetura corporativa e seus principais desafios<\/title>\n<meta name=\"description\" content=\"A arquitetura corporativa tem como objetivo criar espa\u00e7os funcionais e esteticamente alinhados ao valores e \u00e0 imagem de uma empresa.\" \/>\n<meta name=\"robots\" content=\"index, follow, max-snippet:-1, max-image-preview:large, max-video-preview:-1\" \/>\n<link rel=\"canonical\" href=\"https:\/\/www.marelli.com.br\/blog\/arquitetura-corporativa-principais-desafios-e-como-supera-los\/\" \/>\n<meta property=\"og:locale\" content=\"pt_BR\" \/>\n<meta property=\"og:type\" content=\"article\" \/>\n<meta property=\"og:title\" content=\"O que \u00e9 arquitetura corporativa e seus principais desafios\" \/>\n<meta property=\"og:description\" content=\"A arquitetura corporativa tem como objetivo criar espa\u00e7os funcionais e esteticamente alinhados ao valores e \u00e0 imagem de uma empresa.\" \/>\n<meta property=\"og:url\" content=\"https:\/\/www.marelli.com.br\/blog\/arquitetura-corporativa-principais-desafios-e-como-supera-los\/\" \/>\n<meta property=\"og:site_name\" content=\"Marelli Blog\" \/>\n<meta property=\"article:published_time\" content=\"2022-07-05T17:22:35+00:00\" \/>\n<meta property=\"article:modified_time\" content=\"2025-11-21T14:51:23+00:00\" \/>\n<meta property=\"og:image\" content=\"https:\/\/www.marelli.com.br\/blog\/wp-content\/uploads\/2022\/07\/181999-arquitetura-corporativa-os-4-principais-desafios-e-como-superalos.jpeg\" \/>\n\t<meta property=\"og:image:width\" content=\"999\" \/>\n\t<meta property=\"og:image:height\" content=\"667\" \/>\n\t<meta property=\"og:image:type\" content=\"image\/jpeg\" \/>\n<meta name=\"twitter:card\" content=\"summary_large_image\" \/>\n<meta name=\"twitter:label1\" content=\"Written by\" \/>\n\t<meta name=\"twitter:data1\" content=\"Marelli\" \/>\n\t<meta name=\"twitter:label2\" content=\"Est. reading time\" \/>\n\t<meta name=\"twitter:data2\" content=\"8 minutos\" \/>\n<script type=\"application\/ld+json\" class=\"yoast-schema-graph\">{\"@context\":\"https:\/\/schema.org\",\"@graph\":[{\"@type\":\"WebSite\",\"@id\":\"https:\/\/www.marelli.com.br\/blog\/#website\",\"url\":\"https:\/\/www.marelli.com.br\/blog\/\",\"name\":\"Marelli Blog\",\"description\":\"\",\"potentialAction\":[{\"@type\":\"SearchAction\",\"target\":{\"@type\":\"EntryPoint\",\"urlTemplate\":\"https:\/\/www.marelli.com.br\/blog\/?s={search_term_string}\"},\"query-input\":\"required name=search_term_string\"}],\"inLanguage\":\"pt-BR\"},{\"@type\":\"ImageObject\",\"inLanguage\":\"pt-BR\",\"@id\":\"https:\/\/www.marelli.com.br\/blog\/arquitetura-corporativa-principais-desafios-e-como-supera-los\/#primaryimage\",\"url\":\"https:\/\/www.marelli.com.br\/blog\/wp-content\/uploads\/2022\/07\/181999-arquitetura-corporativa-os-4-principais-desafios-e-como-superalos.jpeg\",\"contentUrl\":\"https:\/\/www.marelli.com.br\/blog\/wp-content\/uploads\/2022\/07\/181999-arquitetura-corporativa-os-4-principais-desafios-e-como-superalos.jpeg\",\"width\":999,\"height\":667},{\"@type\":\"WebPage\",\"@id\":\"https:\/\/www.marelli.com.br\/blog\/arquitetura-corporativa-principais-desafios-e-como-supera-los\/#webpage\",\"url\":\"https:\/\/www.marelli.com.br\/blog\/arquitetura-corporativa-principais-desafios-e-como-supera-los\/\",\"name\":\"O que \u00e9 arquitetura corporativa e seus principais desafios\",\"isPartOf\":{\"@id\":\"https:\/\/www.marelli.com.br\/blog\/#website\"},\"primaryImageOfPage\":{\"@id\":\"https:\/\/www.marelli.com.br\/blog\/arquitetura-corporativa-principais-desafios-e-como-supera-los\/#primaryimage\"},\"datePublished\":\"2022-07-05T17:22:35+00:00\",\"dateModified\":\"2025-11-21T14:51:23+00:00\",\"author\":{\"@id\":\"https:\/\/www.marelli.com.br\/blog\/#\/schema\/person\/68a06758b0b82748917625b1dbaed889\"},\"description\":\"A arquitetura corporativa tem como objetivo criar espa\u00e7os funcionais e esteticamente alinhados ao valores e \u00e0 imagem de uma empresa.\",\"breadcrumb\":{\"@id\":\"https:\/\/www.marelli.com.br\/blog\/arquitetura-corporativa-principais-desafios-e-como-supera-los\/#breadcrumb\"},\"inLanguage\":\"pt-BR\",\"potentialAction\":[{\"@type\":\"ReadAction\",\"target\":[\"https:\/\/www.marelli.com.br\/blog\/arquitetura-corporativa-principais-desafios-e-como-supera-los\/\"]}]},{\"@type\":\"BreadcrumbList\",\"@id\":\"https:\/\/www.marelli.com.br\/blog\/arquitetura-corporativa-principais-desafios-e-como-supera-los\/#breadcrumb\",\"itemListElement\":[{\"@type\":\"ListItem\",\"position\":1,\"name\":\"Home\",\"item\":\"https:\/\/www.marelli.com.br\/blog\/\"},{\"@type\":\"ListItem\",\"position\":2,\"name\":\"O que \u00e9 arquitetura corporativa: 4 principais desafios e como super\u00e1-los?\"}]},{\"@type\":\"Person\",\"@id\":\"https:\/\/www.marelli.com.br\/blog\/#\/schema\/person\/68a06758b0b82748917625b1dbaed889\",\"name\":\"Marelli\",\"image\":{\"@type\":\"ImageObject\",\"inLanguage\":\"pt-BR\",\"@id\":\"https:\/\/www.marelli.com.br\/blog\/#\/schema\/person\/image\/\",\"url\":\"https:\/\/secure.gravatar.com\/avatar\/16d846803e6884dc49d44a8eac4a8ea9?s=96&d=mm&r=g\",\"contentUrl\":\"https:\/\/secure.gravatar.com\/avatar\/16d846803e6884dc49d44a8eac4a8ea9?s=96&d=mm&r=g\",\"caption\":\"Marelli\"}}]}<\/script>\n<!-- \/ Yoast SEO plugin. -->","yoast_head_json":{"title":"O que \u00e9 arquitetura corporativa e seus principais desafios","description":"A arquitetura corporativa tem como objetivo criar espa\u00e7os funcionais e esteticamente alinhados ao valores e \u00e0 imagem de uma empresa.","robots":{"index":"index","follow":"follow","max-snippet":"max-snippet:-1","max-image-preview":"max-image-preview:large","max-video-preview":"max-video-preview:-1"},"canonical":"https:\/\/www.marelli.com.br\/blog\/arquitetura-corporativa-principais-desafios-e-como-supera-los\/","og_locale":"pt_BR","og_type":"article","og_title":"O que \u00e9 arquitetura corporativa e seus principais desafios","og_description":"A arquitetura corporativa tem como objetivo criar espa\u00e7os funcionais e esteticamente alinhados ao valores e \u00e0 imagem de uma empresa.","og_url":"https:\/\/www.marelli.com.br\/blog\/arquitetura-corporativa-principais-desafios-e-como-supera-los\/","og_site_name":"Marelli Blog","article_published_time":"2022-07-05T17:22:35+00:00","article_modified_time":"2025-11-21T14:51:23+00:00","og_image":[{"width":999,"height":667,"url":"https:\/\/www.marelli.com.br\/blog\/wp-content\/uploads\/2022\/07\/181999-arquitetura-corporativa-os-4-principais-desafios-e-como-superalos.jpeg","type":"image\/jpeg"}],"twitter_card":"summary_large_image","twitter_misc":{"Written by":"Marelli","Est. reading time":"8 minutos"},"schema":{"@context":"https:\/\/schema.org","@graph":[{"@type":"WebSite","@id":"https:\/\/www.marelli.com.br\/blog\/#website","url":"https:\/\/www.marelli.com.br\/blog\/","name":"Marelli Blog","description":"","potentialAction":[{"@type":"SearchAction","target":{"@type":"EntryPoint","urlTemplate":"https:\/\/www.marelli.com.br\/blog\/?s={search_term_string}"},"query-input":"required name=search_term_string"}],"inLanguage":"pt-BR"},{"@type":"ImageObject","inLanguage":"pt-BR","@id":"https:\/\/www.marelli.com.br\/blog\/arquitetura-corporativa-principais-desafios-e-como-supera-los\/#primaryimage","url":"https:\/\/www.marelli.com.br\/blog\/wp-content\/uploads\/2022\/07\/181999-arquitetura-corporativa-os-4-principais-desafios-e-como-superalos.jpeg","contentUrl":"https:\/\/www.marelli.com.br\/blog\/wp-content\/uploads\/2022\/07\/181999-arquitetura-corporativa-os-4-principais-desafios-e-como-superalos.jpeg","width":999,"height":667},{"@type":"WebPage","@id":"https:\/\/www.marelli.com.br\/blog\/arquitetura-corporativa-principais-desafios-e-como-supera-los\/#webpage","url":"https:\/\/www.marelli.com.br\/blog\/arquitetura-corporativa-principais-desafios-e-como-supera-los\/","name":"O que \u00e9 arquitetura corporativa e seus principais desafios","isPartOf":{"@id":"https:\/\/www.marelli.com.br\/blog\/#website"},"primaryImageOfPage":{"@id":"https:\/\/www.marelli.com.br\/blog\/arquitetura-corporativa-principais-desafios-e-como-supera-los\/#primaryimage"},"datePublished":"2022-07-05T17:22:35+00:00","dateModified":"2025-11-21T14:51:23+00:00","author":{"@id":"https:\/\/www.marelli.com.br\/blog\/#\/schema\/person\/68a06758b0b82748917625b1dbaed889"},"description":"A arquitetura corporativa tem como objetivo criar espa\u00e7os funcionais e esteticamente alinhados ao valores e \u00e0 imagem de uma empresa.","breadcrumb":{"@id":"https:\/\/www.marelli.com.br\/blog\/arquitetura-corporativa-principais-desafios-e-como-supera-los\/#breadcrumb"},"inLanguage":"pt-BR","potentialAction":[{"@type":"ReadAction","target":["https:\/\/www.marelli.com.br\/blog\/arquitetura-corporativa-principais-desafios-e-como-supera-los\/"]}]},{"@type":"BreadcrumbList","@id":"https:\/\/www.marelli.com.br\/blog\/arquitetura-corporativa-principais-desafios-e-como-supera-los\/#breadcrumb","itemListElement":[{"@type":"ListItem","position":1,"name":"Home","item":"https:\/\/www.marelli.com.br\/blog\/"},{"@type":"ListItem","position":2,"name":"O que \u00e9 arquitetura corporativa: 4 principais desafios e como super\u00e1-los?"}]},{"@type":"Person","@id":"https:\/\/www.marelli.com.br\/blog\/#\/schema\/person\/68a06758b0b82748917625b1dbaed889","name":"Marelli","image":{"@type":"ImageObject","inLanguage":"pt-BR","@id":"https:\/\/www.marelli.com.br\/blog\/#\/schema\/person\/image\/","url":"https:\/\/secure.gravatar.com\/avatar\/16d846803e6884dc49d44a8eac4a8ea9?s=96&d=mm&r=g","contentUrl":"https:\/\/secure.gravatar.com\/avatar\/16d846803e6884dc49d44a8eac4a8ea9?s=96&d=mm&r=g","caption":"Marelli"}}]}},"_links":{"self":[{"href":"https:\/\/www.marelli.com.br\/blog\/wp-json\/wp\/v2\/posts\/2501"}],"collection":[{"href":"https:\/\/www.marelli.com.br\/blog\/wp-json\/wp\/v2\/posts"}],"about":[{"href":"https:\/\/www.marelli.com.br\/blog\/wp-json\/wp\/v2\/types\/post"}],"author":[{"embeddable":true,"href":"https:\/\/www.marelli.com.br\/blog\/wp-json\/wp\/v2\/users\/2"}],"replies":[{"embeddable":true,"href":"https:\/\/www.marelli.com.br\/blog\/wp-json\/wp\/v2\/comments?post=2501"}],"version-history":[{"count":13,"href":"https:\/\/www.marelli.com.br\/blog\/wp-json\/wp\/v2\/posts\/2501\/revisions"}],"predecessor-version":[{"id":3523,"href":"https:\/\/www.marelli.com.br\/blog\/wp-json\/wp\/v2\/posts\/2501\/revisions\/3523"}],"wp:featuredmedia":[{"embeddable":true,"href":"https:\/\/www.marelli.com.br\/blog\/wp-json\/wp\/v2\/media\/2503"}],"wp:attachment":[{"href":"https:\/\/www.marelli.com.br\/blog\/wp-json\/wp\/v2\/media?parent=2501"}],"wp:term":[{"taxonomy":"category","embeddable":true,"href":"https:\/\/www.marelli.com.br\/blog\/wp-json\/wp\/v2\/categories?post=2501"},{"taxonomy":"post_tag","embeddable":true,"href":"https:\/\/www.marelli.com.br\/blog\/wp-json\/wp\/v2\/tags?post=2501"}],"curies":[{"name":"wp","href":"https:\/\/api.w.org\/{rel}","templated":true}]}}