{"id":2508,"date":"2022-07-05T14:40:55","date_gmt":"2022-07-05T17:40:55","guid":{"rendered":"https:\/\/marelliblog2022.protoaws.dzigual.com.br\/?p=2508"},"modified":"2025-11-21T11:51:14","modified_gmt":"2025-11-21T14:51:14","slug":"o-que-e-layout-funcional-conceito-e-beneficios-da-organizacao-ideal-do-escritorio","status":"publish","type":"post","link":"https:\/\/www.marelli.com.br\/blog\/o-que-e-layout-funcional-conceito-e-beneficios-da-organizacao-ideal-do-escritorio\/","title":{"rendered":"O que \u00e9 layout funcional? Conceito e benef\u00edcios da organiza\u00e7\u00e3o ideal do escrit\u00f3rio"},"content":{"rendered":"\n<p><em>Voc\u00ea sabe o que \u00e9 layout funcional? Compreende quais as vantagens do layout funcional para um escrit\u00f3rio?<\/em><\/p>\n\n\n\n<p>O layout funcional nada mais \u00e9 do que um estudo de como recursos produtivos, homens, m\u00e1quinas e materiais podem ficar posicionados em um espa\u00e7o, podendo existir v\u00e1rias combina\u00e7\u00f5es para a distribui\u00e7\u00e3o f\u00edsica desses itens, por\u00e9m no final, o resultado deve&nbsp;<strong>trazer funcionalidade e facilidade na execu\u00e7\u00e3o dos processos e rotinas<\/strong>&nbsp;da empresa.<\/p>\n\n\n\n<p>Elaborar um layout de escrit\u00f3rio eficiente e produtivo&nbsp;influenciar\u00e1 diretamente no<strong>&nbsp;fluxo de trabalho<\/strong>&nbsp;no espa\u00e7o da empresa, ent\u00e3o \u00e9 de suma import\u00e2ncia que a organiza\u00e7\u00e3o pense e planeje esse aspecto com bastante cuidado e aten\u00e7\u00e3o, para que os servi\u00e7os sejam realizados da melhor forma poss\u00edvel e com o menor desperd\u00edcio de tempo.<\/p>\n\n\n\n<p>Isso se deve ao fato de que a escolha pelo o que \u00e9 layout funcional implica:<\/p>\n\n\n\n<ul><li>na redu\u00e7\u00e3o de custos;<\/li><li>no aumento da&nbsp;produtividade no ambiente de trabalho.<\/li><\/ul>\n\n\n\n<p>Dessa forma, consequentemente, teremos entre as vantagens do layout funcional, o&nbsp;<strong>aumento das vendas<\/strong>, impactando diretamente na lucratividade, o que \u00e9 muito importante para a organiza\u00e7\u00e3o.<\/p>\n\n\n\n<p>Em momentos de crise econ\u00f4mica, o conceito do que \u00e9 layout funcional traz a oportunidade de identificar formas de melhoria em que a recoloca\u00e7\u00e3o do espa\u00e7o vem a ser a chave do sucesso e da mudan\u00e7a do status da empresa. Nesses casos, a aplica\u00e7\u00e3o do que \u00e9 layout funcional vale desde uma&nbsp;sala comercial&nbsp;pequena at\u00e9 uma ind\u00fastria multinacional.<\/p>\n\n\n\n<p>Se voc\u00ea n\u00e3o est\u00e1 muito por dentro do que \u00e9 layout funcional e de quais benef\u00edcios ele pode trazer, continue por aqui e conhe\u00e7a um pouco sobre as&nbsp;<strong>vantagens do layout funcional<\/strong>&nbsp;para o fluxo de trabalho de uma empresa. Vamos l\u00e1?<\/p>\n\n\n\n<h2 style=\"font-size:26px\"><strong>O que \u00e9 layout funcional e as vantagens para a empresa?<\/strong><\/h2>\n\n\n\n<figure class=\"wp-block-image size-full\"><img loading=\"lazy\" width=\"1024\" height=\"683\" src=\"https:\/\/www.marelli.com.br\/blog\/wp-content\/uploads\/2022\/07\/image-37.png\" alt=\"\" class=\"wp-image-2511\" srcset=\"https:\/\/www.marelli.com.br\/blog\/wp-content\/uploads\/2022\/07\/image-37.png 1024w, https:\/\/www.marelli.com.br\/blog\/wp-content\/uploads\/2022\/07\/image-37-300x200.png 300w, https:\/\/www.marelli.com.br\/blog\/wp-content\/uploads\/2022\/07\/image-37-768x512.png 768w, https:\/\/www.marelli.com.br\/blog\/wp-content\/uploads\/2022\/07\/image-37-370x247.png 370w, https:\/\/www.marelli.com.br\/blog\/wp-content\/uploads\/2022\/07\/image-37-1010x674.png 1010w, https:\/\/www.marelli.com.br\/blog\/wp-content\/uploads\/2022\/07\/image-37-470x313.png 470w, https:\/\/www.marelli.com.br\/blog\/wp-content\/uploads\/2022\/07\/image-37-700x467.png 700w\" sizes=\"(max-width: 1024px) 100vw, 1024px\" \/><\/figure>\n\n\n\n<p>N\u00e3o existe um modelo pr\u00e9-determinado para a aplica\u00e7\u00e3o do layout na sua empresa, visto que voc\u00ea deve se atentar para aquilo que se ad\u00e9qua melhor ao seu tipo de neg\u00f3cio, levando em conta:<\/p>\n\n\n\n<ul><li>o n\u00famero de funcion\u00e1rios;<\/li><li>os processos que s\u00e3o executados;<\/li><li>os materiais e equipamentos utilizados.<\/li><\/ul>\n\n\n\n<p>Por\u00e9m, as vantagens do layout funcional s\u00e3o basicamente as mesmas para todo mundo.<\/p>\n\n\n\n<h3 class=\"has-medium-font-size\"><strong>1. Utiliza\u00e7\u00e3o de todos os espa\u00e7os dispon\u00edveis<\/strong><\/h3>\n\n\n\n<figure class=\"wp-block-image size-full\"><img loading=\"lazy\" width=\"1024\" height=\"684\" src=\"https:\/\/www.marelli.com.br\/blog\/wp-content\/uploads\/2022\/07\/image-38.png\" alt=\"\" class=\"wp-image-2514\" srcset=\"https:\/\/www.marelli.com.br\/blog\/wp-content\/uploads\/2022\/07\/image-38.png 1024w, https:\/\/www.marelli.com.br\/blog\/wp-content\/uploads\/2022\/07\/image-38-300x200.png 300w, https:\/\/www.marelli.com.br\/blog\/wp-content\/uploads\/2022\/07\/image-38-768x513.png 768w, https:\/\/www.marelli.com.br\/blog\/wp-content\/uploads\/2022\/07\/image-38-370x247.png 370w, https:\/\/www.marelli.com.br\/blog\/wp-content\/uploads\/2022\/07\/image-38-1010x675.png 1010w, https:\/\/www.marelli.com.br\/blog\/wp-content\/uploads\/2022\/07\/image-38-470x314.png 470w, https:\/\/www.marelli.com.br\/blog\/wp-content\/uploads\/2022\/07\/image-38-700x468.png 700w\" sizes=\"(max-width: 1024px) 100vw, 1024px\" \/><\/figure>\n\n\n\n<p>Se a sua empresa aplica o que \u00e9 layout funcional, ent\u00e3o ser\u00e1 poss\u00edvel que voc\u00ea consiga utilizar todos os espa\u00e7os dispon\u00edveis para o ambiente de trabalho.<\/p>\n\n\n\n<p>A&nbsp;otimiza\u00e7\u00e3o de espa\u00e7os&nbsp;a partir do aproveitamento por completo dessa \u00e1rea, eliminar\u00e1 a presen\u00e7a de ambientes in\u00fateis e garantir\u00e1 uma melhora para o tr\u00e2nsito de pessoas, equipamentos etc.<\/p>\n\n\n\n<p>Para atingir esse benef\u00edcio do layout funcional, por exemplo, \u00e9 importante que voc\u00ea conhe\u00e7a bem os&nbsp;ambientes corporativos&nbsp;da sua empresa, e se as fun\u00e7\u00f5es desempenhadas se ad\u00e9quam a cada local dispon\u00edvel.<\/p>\n\n\n\n<p>Atente-se para os espa\u00e7os verticais, que tamb\u00e9m devem ser bem utilizados. Neles, voc\u00ea pode instalar alguns&nbsp;m\u00f3veis funcionais&nbsp;ou equipamentos que ajudar\u00e3o bastante no dia a dia do trabalho.<\/p>\n\n\n\n<h3 class=\"has-medium-font-size\"><strong>2. Um layout funcional bem definido reduz o tempo entre os processos<\/strong><\/h3>\n\n\n\n<figure class=\"wp-block-image size-full\"><img loading=\"lazy\" width=\"1000\" height=\"666\" src=\"https:\/\/www.marelli.com.br\/blog\/wp-content\/uploads\/2022\/09\/smiling-young-colleagues-sitting-office-coworking-using-laptop.jpg\" alt=\"\" class=\"wp-image-2775\" srcset=\"https:\/\/www.marelli.com.br\/blog\/wp-content\/uploads\/2022\/09\/smiling-young-colleagues-sitting-office-coworking-using-laptop.jpg 1000w, https:\/\/www.marelli.com.br\/blog\/wp-content\/uploads\/2022\/09\/smiling-young-colleagues-sitting-office-coworking-using-laptop-300x200.jpg 300w, https:\/\/www.marelli.com.br\/blog\/wp-content\/uploads\/2022\/09\/smiling-young-colleagues-sitting-office-coworking-using-laptop-768x511.jpg 768w, https:\/\/www.marelli.com.br\/blog\/wp-content\/uploads\/2022\/09\/smiling-young-colleagues-sitting-office-coworking-using-laptop-370x246.jpg 370w, https:\/\/www.marelli.com.br\/blog\/wp-content\/uploads\/2022\/09\/smiling-young-colleagues-sitting-office-coworking-using-laptop-470x313.jpg 470w, https:\/\/www.marelli.com.br\/blog\/wp-content\/uploads\/2022\/09\/smiling-young-colleagues-sitting-office-coworking-using-laptop-700x466.jpg 700w\" sizes=\"(max-width: 1000px) 100vw, 1000px\" \/><\/figure>\n\n\n\n<p>Com um layout funcional bem definido, sua empresa tamb\u00e9m ter\u00e1 os processos bem-dispostos pelo espa\u00e7o. Dessa forma, distribua aqueles que forem distintos para diferentes locais, pois assim eles n\u00e3o ficar\u00e3o em um mesmo ambiente e n\u00e3o atrapalhar\u00e3o o fluxo de trabalho desempenhado em cada \u00e1rea.<\/p>\n\n\n\n<p>Com isso, voc\u00ea estar\u00e1&nbsp;prevenindo conflitos&nbsp;entre os funcion\u00e1rios, evitando atrasos nas tarefas, e o mais importante de tudo:&nbsp;<strong>reduzindo o tempo de trabalho entre os processos<\/strong>, o que traz um bom resultado relacionado \u00e0 produtividade da empresa.<\/p>\n\n\n\n<h3 class=\"has-medium-font-size\"><strong>3. Diminui\u00e7\u00e3o de custos a partir das otimiza\u00e7\u00f5es trazidas pelo layout funcional<\/strong><\/h3>\n\n\n\n<figure class=\"wp-block-image size-full\"><img loading=\"lazy\" width=\"1024\" height=\"683\" src=\"https:\/\/www.marelli.com.br\/blog\/wp-content\/uploads\/2022\/07\/image-40.png\" alt=\"\" class=\"wp-image-2518\" srcset=\"https:\/\/www.marelli.com.br\/blog\/wp-content\/uploads\/2022\/07\/image-40.png 1024w, https:\/\/www.marelli.com.br\/blog\/wp-content\/uploads\/2022\/07\/image-40-300x200.png 300w, https:\/\/www.marelli.com.br\/blog\/wp-content\/uploads\/2022\/07\/image-40-768x512.png 768w, https:\/\/www.marelli.com.br\/blog\/wp-content\/uploads\/2022\/07\/image-40-370x247.png 370w, https:\/\/www.marelli.com.br\/blog\/wp-content\/uploads\/2022\/07\/image-40-1010x674.png 1010w, https:\/\/www.marelli.com.br\/blog\/wp-content\/uploads\/2022\/07\/image-40-470x313.png 470w, https:\/\/www.marelli.com.br\/blog\/wp-content\/uploads\/2022\/07\/image-40-700x467.png 700w\" sizes=\"(max-width: 1024px) 100vw, 1024px\" \/><\/figure>\n\n\n\n<p>Como j\u00e1 foi falado, aplicar o conceito acerca do que \u00e9 layout funcional impactar\u00e1 diretamente na produtividade da empresa, uma vez que tudo ficar\u00e1 mais organizado, tendo maior facilidade na execu\u00e7\u00e3o das etapas produtivas.<\/p>\n\n\n\n<p>Isso se deve ao fato de que o espa\u00e7o ser\u00e1 melhor utilizado, o que diminuir\u00e1 a movimenta\u00e7\u00e3o de materiais, de produtos e do pessoal. Com isso, voc\u00ea cria um fluxo racional:<\/p>\n\n\n\n<ul><li>com menos paradas nos processos;<\/li><li>melhores condi\u00e7\u00f5es de trabalho;<\/li><li>menor tempo de produ\u00e7\u00e3o.<\/li><\/ul>\n\n\n\n<p>Tudo isso resulta na<strong>&nbsp;redu\u00e7\u00e3o de custos.<\/strong><\/p>\n\n\n\n<h3 class=\"has-medium-font-size\"><strong>4. Elimina\u00e7\u00e3o de atrasos ou perdas de informa\u00e7\u00f5es<\/strong><\/h3>\n\n\n\n<figure class=\"wp-block-image size-full\"><img loading=\"lazy\" width=\"1024\" height=\"732\" src=\"https:\/\/www.marelli.com.br\/blog\/wp-content\/uploads\/2022\/07\/image-41.png\" alt=\"\" class=\"wp-image-2519\" srcset=\"https:\/\/www.marelli.com.br\/blog\/wp-content\/uploads\/2022\/07\/image-41.png 1024w, https:\/\/www.marelli.com.br\/blog\/wp-content\/uploads\/2022\/07\/image-41-300x214.png 300w, https:\/\/www.marelli.com.br\/blog\/wp-content\/uploads\/2022\/07\/image-41-768x549.png 768w, https:\/\/www.marelli.com.br\/blog\/wp-content\/uploads\/2022\/07\/image-41-370x264.png 370w, https:\/\/www.marelli.com.br\/blog\/wp-content\/uploads\/2022\/07\/image-41-1010x722.png 1010w, https:\/\/www.marelli.com.br\/blog\/wp-content\/uploads\/2022\/07\/image-41-470x336.png 470w, https:\/\/www.marelli.com.br\/blog\/wp-content\/uploads\/2022\/07\/image-41-700x500.png 700w\" sizes=\"(max-width: 1024px) 100vw, 1024px\" \/><\/figure>\n\n\n\n<p>Como cada etapa produtiva estar\u00e1 em um local adequado, toda a equipe ligada \u00e0quela atividade estar\u00e1 totalmente&nbsp;<strong>integrada<\/strong>&nbsp;no desempenho das suas fun\u00e7\u00f5es. Dessa forma, n\u00e3o haver\u00e1 perda de informa\u00e7\u00f5es entre os funcion\u00e1rios e os supervisores.<\/p>\n\n\n\n<p>Assim, sem perda de informa\u00e7\u00f5es e tendo as fun\u00e7\u00f5es ali j\u00e1 integradas no fluxo de trabalho, voc\u00ea acaba<strong>&nbsp;eliminando tamb\u00e9m alguns atrasos<\/strong>&nbsp;que podem acontecer durante as etapas de produ\u00e7\u00e3o.<\/p>\n\n\n\n<h3 class=\"has-medium-font-size\"><strong>5. Melhoria do fluxo interno de pessoas com um layout planejado<\/strong><\/h3>\n\n\n\n<figure class=\"wp-block-image size-full\"><img loading=\"lazy\" width=\"1024\" height=\"683\" src=\"https:\/\/www.marelli.com.br\/blog\/wp-content\/uploads\/2022\/07\/image-42.png\" alt=\"\" class=\"wp-image-2520\" srcset=\"https:\/\/www.marelli.com.br\/blog\/wp-content\/uploads\/2022\/07\/image-42.png 1024w, https:\/\/www.marelli.com.br\/blog\/wp-content\/uploads\/2022\/07\/image-42-300x200.png 300w, https:\/\/www.marelli.com.br\/blog\/wp-content\/uploads\/2022\/07\/image-42-768x512.png 768w, https:\/\/www.marelli.com.br\/blog\/wp-content\/uploads\/2022\/07\/image-42-370x247.png 370w, https:\/\/www.marelli.com.br\/blog\/wp-content\/uploads\/2022\/07\/image-42-1010x674.png 1010w, https:\/\/www.marelli.com.br\/blog\/wp-content\/uploads\/2022\/07\/image-42-470x313.png 470w, https:\/\/www.marelli.com.br\/blog\/wp-content\/uploads\/2022\/07\/image-42-700x467.png 700w\" sizes=\"(max-width: 1024px) 100vw, 1024px\" \/><\/figure>\n\n\n\n<p>Com o espa\u00e7o bem planejado e preparado, voc\u00ea ter\u00e1, como j\u00e1 foi falado, uma melhor organiza\u00e7\u00e3o de todo o espa\u00e7o, o que facilitar\u00e1 o fluxo e tr\u00e2nsito interno das pessoas ligadas ao trabalho da empresa.<\/p>\n\n\n\n<p>Apenas os funcion\u00e1rios relacionados \u00e0s atividades desempenhadas em cada parte da empresa ter\u00e3o acesso ao espa\u00e7o, bem como os supervisores. O fluxo de pessoas fica muito melhor.<\/p>\n\n\n\n<h3 class=\"has-medium-font-size\"><strong>6. O layout funcional facilita o controle e supervis\u00e3o das atividades<\/strong><\/h3>\n\n\n\n<figure class=\"wp-block-image size-full\"><img loading=\"lazy\" width=\"1024\" height=\"683\" src=\"https:\/\/www.marelli.com.br\/blog\/wp-content\/uploads\/2022\/07\/image-43.png\" alt=\"\" class=\"wp-image-2521\" srcset=\"https:\/\/www.marelli.com.br\/blog\/wp-content\/uploads\/2022\/07\/image-43.png 1024w, https:\/\/www.marelli.com.br\/blog\/wp-content\/uploads\/2022\/07\/image-43-300x200.png 300w, https:\/\/www.marelli.com.br\/blog\/wp-content\/uploads\/2022\/07\/image-43-768x512.png 768w, https:\/\/www.marelli.com.br\/blog\/wp-content\/uploads\/2022\/07\/image-43-370x247.png 370w, https:\/\/www.marelli.com.br\/blog\/wp-content\/uploads\/2022\/07\/image-43-1010x674.png 1010w, https:\/\/www.marelli.com.br\/blog\/wp-content\/uploads\/2022\/07\/image-43-470x313.png 470w, https:\/\/www.marelli.com.br\/blog\/wp-content\/uploads\/2022\/07\/image-43-700x467.png 700w\" sizes=\"(max-width: 1024px) 100vw, 1024px\" \/><\/figure>\n\n\n\n<p>O layout funcional ser\u00e1 como um&nbsp;<strong>mapeamento dos processos&nbsp;da empresa<\/strong>. \u00c9 poss\u00edvel que voc\u00ea tenha fisicamente um mapa, mostrando onde tudo est\u00e1 distribu\u00eddo, detalhando onde os materiais, equipamentos e m\u00e1quinas est\u00e3o dispostos.<\/p>\n\n\n\n<p>Com isso, o que \u00e9 layout funcional permite ter um&nbsp;<strong>controle mais amplo de todo o processo produtivo<\/strong>, uma vez que estar\u00e1 aparente:<\/p>\n\n\n\n<ul><li>os pontos de perda de mat\u00e9rias-primas e energia;<\/li><li>os problemas de desempenho.<\/li><\/ul>\n\n\n\n<p>\u00c9 importante identificar esses pontos para possibilitar a otimiza\u00e7\u00e3o de todo o processo industrial, o que aumenta tamb\u00e9m a produtividade.<\/p>\n\n\n\n<p>Voc\u00ea ter\u00e1 ainda uma f\u00e1cil visualiza\u00e7\u00e3o da \u00e1rea de trabalho para constatar espa\u00e7os ociosos e distribuir as tarefas.<\/p>\n\n\n\n<p>E dessa forma, os respons\u00e1veis pela empresa tamb\u00e9m conseguir\u00e3o, com mais facilidade,&nbsp;<strong>supervisionar todas as atividades executadas.<\/strong><\/p>\n\n\n\n<p>Por fim, para que essa mudan\u00e7a tenha ainda mais sucesso, \u00e9 fundamental pensar em m\u00f3veis funcionais. Eles ser\u00e3o produzidos de acordo com a demanda da empresa, e levando em conta as atividades que ser\u00e3o executadas, bem como a equipe de trabalho de cada processo.<\/p>\n\n\n\n<p>Esse tipo de mobili\u00e1rio \u00e9 fundamental para o bem-estar da equipe e, consequentemente, para a melhor execu\u00e7\u00e3o das tarefas: a&nbsp;altura e largura da mesa do&nbsp;escrit\u00f3rio, por exemplo, ajuda na&nbsp;ergonomia organizacional&nbsp;dos colaboradores, o que evita dores na coluna, pesco\u00e7o, cabe\u00e7a e ombros.<\/p>\n\n\n\n<h2 style=\"font-size:26px\"><strong>Como aliar design e funcionalidade?<\/strong><\/h2>\n\n\n\n<p>Criar um&nbsp;relacionamento com fornecedores&nbsp;certos \u00e9 um dos primeiros passos para responder a essa pergunta.<\/p>\n\n\n\n<p>Aquele projeto do escrit\u00f3rio de uma grande empresa foi conquistado e empolga\u00e7\u00e3o n\u00e3o falta para voc\u00ea mostrar seu trabalho!<\/p>\n\n\n\n<p>Mas a\u00ed j\u00e1 bate aquela d\u00favida, qual o&nbsp;<strong>melhor fornecedor dos m\u00f3veis<\/strong>&nbsp;para esse projeto?&nbsp;<\/p>\n\n\n\n<p>\u00c9 preciso pensar se a qualidade ir\u00e1 atender seu cliente, se ter\u00e1 a ergonomia adequada e at\u00e9 mesmo se v\u00e3o&nbsp;<strong>entregar<\/strong>&nbsp;e&nbsp;<strong>montar<\/strong>&nbsp;no&nbsp;<strong>prazo<\/strong>!&nbsp;&nbsp;<\/p>\n\n\n\n<p>N\u00f3s da Marelli sabemos da import\u00e2ncia e responsabilidade que voc\u00ea tem com seu cliente!&nbsp;<\/p>\n\n\n\n<figure class=\"wp-block-embed is-type-video is-provider-youtube wp-block-embed-youtube wp-embed-aspect-16-9 wp-has-aspect-ratio\"><div class=\"wp-block-embed__wrapper\">\n<iframe loading=\"lazy\" title=\"Marelli - O ambiente motiva (red.)\" width=\"1440\" height=\"810\" src=\"https:\/\/www.youtube.com\/embed\/ZS87rJncRnc?feature=oembed\" frameborder=\"0\" allow=\"accelerometer; autoplay; clipboard-write; encrypted-media; gyroscope; picture-in-picture; web-share\" allowfullscreen><\/iframe>\n<\/div><\/figure>\n\n\n\n<p>Com o diferencial de oferecermos uma solu\u00e7\u00e3o&nbsp;<strong>completa<\/strong>&nbsp;em&nbsp;<strong>assentos<\/strong>,&nbsp;<strong>mobili\u00e1rio<\/strong>&nbsp;e&nbsp;<strong>divis\u00f3rias piso teto<\/strong>, estamos prontos para atender a demanda do seu cliente de forma diferenciada!<\/p>\n\n\n\n<p>\u2192&nbsp;<a href=\"https:\/\/www.marelli.com.br\/orcamento-projeto\">Solicite seu Or\u00e7amento Agora!<\/a>&nbsp;\u2190&nbsp;<\/p>\n\n\n\n<p>E conte com a qualidade e tradi\u00e7\u00e3o de uma empresa que est\u00e1 a mais de&nbsp;<strong>35 anos<\/strong>&nbsp;no mercado e possui mais de<strong>&nbsp;30 lojas<\/strong>&nbsp;pelo Brasil e Am\u00e9rica do Sul!<\/p>\n\n\n\n<p>Gostou de aprender um pouco mais sobre o que \u00e9 layout funcional e suas vantagens? Ficou interessado em ver mais conte\u00fados como este ou conhecer os nossos servi\u00e7os? Ent\u00e3o,&nbsp;<a href=\"https:\/\/www.marelli.com.br\/contato\/\">entre em contato com a nossa empresa<\/a>&nbsp;que iremos ajud\u00e1-lo naquilo que precisar!<\/p>\n","protected":false},"excerpt":{"rendered":"<p>Voc\u00ea sabe o que \u00e9 layout funcional? Compreende quais as vantagens do layout funcional para um escrit\u00f3rio? O layout funcional nada mais \u00e9 do que um estudo de como recursos produtivos, homens, m\u00e1quinas e materiais podem ficar posicionados&hellip;<\/p>\n","protected":false},"author":2,"featured_media":2509,"comment_status":"closed","ping_status":"open","sticky":false,"template":"","format":"standard","meta":[],"categories":[48,51],"tags":[],"yoast_head":"<!-- This site is optimized with the Yoast SEO plugin v19.1 - https:\/\/yoast.com\/wordpress\/plugins\/seo\/ -->\n<title>O que \u00e9 layout funcional? Conhe\u00e7a o conceito e benef\u00edcios<\/title>\n<meta name=\"description\" content=\"O layout funcional \u00e9 um estudo de como recursos devem ficar posicionados em um espa\u00e7o para\u00a0facilitar a execu\u00e7\u00e3o dos processos da empresa.\" \/>\n<meta name=\"robots\" content=\"index, follow, max-snippet:-1, max-image-preview:large, max-video-preview:-1\" \/>\n<link rel=\"canonical\" href=\"https:\/\/www.marelli.com.br\/blog\/o-que-e-layout-funcional-conceito-e-beneficios-da-organizacao-ideal-do-escritorio\/\" \/>\n<meta property=\"og:locale\" content=\"pt_BR\" \/>\n<meta property=\"og:type\" content=\"article\" \/>\n<meta property=\"og:title\" content=\"O que \u00e9 layout funcional? Conhe\u00e7a o conceito e benef\u00edcios\" \/>\n<meta property=\"og:description\" content=\"O layout funcional \u00e9 um estudo de como recursos devem ficar posicionados em um espa\u00e7o para\u00a0facilitar a execu\u00e7\u00e3o dos processos da empresa.\" \/>\n<meta property=\"og:url\" content=\"https:\/\/www.marelli.com.br\/blog\/o-que-e-layout-funcional-conceito-e-beneficios-da-organizacao-ideal-do-escritorio\/\" \/>\n<meta property=\"og:site_name\" content=\"Marelli Blog\" \/>\n<meta property=\"article:published_time\" content=\"2022-07-05T17:40:55+00:00\" \/>\n<meta property=\"article:modified_time\" content=\"2025-11-21T14:51:14+00:00\" \/>\n<meta property=\"og:image\" content=\"https:\/\/www.marelli.com.br\/blog\/wp-content\/uploads\/2022\/07\/o-que-e\u0301-layout-funcional-capa.jpeg\" \/>\n\t<meta property=\"og:image:width\" content=\"1280\" \/>\n\t<meta property=\"og:image:height\" content=\"640\" \/>\n\t<meta property=\"og:image:type\" content=\"image\/jpeg\" \/>\n<meta name=\"twitter:card\" content=\"summary_large_image\" \/>\n<meta name=\"twitter:label1\" content=\"Written by\" \/>\n\t<meta name=\"twitter:data1\" content=\"Marelli\" \/>\n\t<meta name=\"twitter:label2\" content=\"Est. reading time\" \/>\n\t<meta name=\"twitter:data2\" content=\"9 minutos\" \/>\n<script type=\"application\/ld+json\" class=\"yoast-schema-graph\">{\"@context\":\"https:\/\/schema.org\",\"@graph\":[{\"@type\":\"WebSite\",\"@id\":\"https:\/\/www.marelli.com.br\/blog\/#website\",\"url\":\"https:\/\/www.marelli.com.br\/blog\/\",\"name\":\"Marelli Blog\",\"description\":\"\",\"potentialAction\":[{\"@type\":\"SearchAction\",\"target\":{\"@type\":\"EntryPoint\",\"urlTemplate\":\"https:\/\/www.marelli.com.br\/blog\/?s={search_term_string}\"},\"query-input\":\"required name=search_term_string\"}],\"inLanguage\":\"pt-BR\"},{\"@type\":\"ImageObject\",\"inLanguage\":\"pt-BR\",\"@id\":\"https:\/\/www.marelli.com.br\/blog\/o-que-e-layout-funcional-conceito-e-beneficios-da-organizacao-ideal-do-escritorio\/#primaryimage\",\"url\":\"https:\/\/www.marelli.com.br\/blog\/wp-content\/uploads\/2022\/07\/o-que-e\u0301-layout-funcional-capa.jpeg\",\"contentUrl\":\"https:\/\/www.marelli.com.br\/blog\/wp-content\/uploads\/2022\/07\/o-que-e\u0301-layout-funcional-capa.jpeg\",\"width\":1280,\"height\":640},{\"@type\":\"WebPage\",\"@id\":\"https:\/\/www.marelli.com.br\/blog\/o-que-e-layout-funcional-conceito-e-beneficios-da-organizacao-ideal-do-escritorio\/#webpage\",\"url\":\"https:\/\/www.marelli.com.br\/blog\/o-que-e-layout-funcional-conceito-e-beneficios-da-organizacao-ideal-do-escritorio\/\",\"name\":\"O que \u00e9 layout funcional? Conhe\u00e7a o conceito e benef\u00edcios\",\"isPartOf\":{\"@id\":\"https:\/\/www.marelli.com.br\/blog\/#website\"},\"primaryImageOfPage\":{\"@id\":\"https:\/\/www.marelli.com.br\/blog\/o-que-e-layout-funcional-conceito-e-beneficios-da-organizacao-ideal-do-escritorio\/#primaryimage\"},\"datePublished\":\"2022-07-05T17:40:55+00:00\",\"dateModified\":\"2025-11-21T14:51:14+00:00\",\"author\":{\"@id\":\"https:\/\/www.marelli.com.br\/blog\/#\/schema\/person\/68a06758b0b82748917625b1dbaed889\"},\"description\":\"O layout funcional \u00e9 um estudo de como recursos devem ficar posicionados em um espa\u00e7o para\u00a0facilitar a execu\u00e7\u00e3o dos processos da empresa.\",\"breadcrumb\":{\"@id\":\"https:\/\/www.marelli.com.br\/blog\/o-que-e-layout-funcional-conceito-e-beneficios-da-organizacao-ideal-do-escritorio\/#breadcrumb\"},\"inLanguage\":\"pt-BR\",\"potentialAction\":[{\"@type\":\"ReadAction\",\"target\":[\"https:\/\/www.marelli.com.br\/blog\/o-que-e-layout-funcional-conceito-e-beneficios-da-organizacao-ideal-do-escritorio\/\"]}]},{\"@type\":\"BreadcrumbList\",\"@id\":\"https:\/\/www.marelli.com.br\/blog\/o-que-e-layout-funcional-conceito-e-beneficios-da-organizacao-ideal-do-escritorio\/#breadcrumb\",\"itemListElement\":[{\"@type\":\"ListItem\",\"position\":1,\"name\":\"Home\",\"item\":\"https:\/\/www.marelli.com.br\/blog\/\"},{\"@type\":\"ListItem\",\"position\":2,\"name\":\"O que \u00e9 layout funcional? Conceito e benef\u00edcios da organiza\u00e7\u00e3o ideal do escrit\u00f3rio\"}]},{\"@type\":\"Person\",\"@id\":\"https:\/\/www.marelli.com.br\/blog\/#\/schema\/person\/68a06758b0b82748917625b1dbaed889\",\"name\":\"Marelli\",\"image\":{\"@type\":\"ImageObject\",\"inLanguage\":\"pt-BR\",\"@id\":\"https:\/\/www.marelli.com.br\/blog\/#\/schema\/person\/image\/\",\"url\":\"https:\/\/secure.gravatar.com\/avatar\/16d846803e6884dc49d44a8eac4a8ea9?s=96&d=mm&r=g\",\"contentUrl\":\"https:\/\/secure.gravatar.com\/avatar\/16d846803e6884dc49d44a8eac4a8ea9?s=96&d=mm&r=g\",\"caption\":\"Marelli\"}}]}<\/script>\n<!-- \/ Yoast SEO plugin. -->","yoast_head_json":{"title":"O que \u00e9 layout funcional? Conhe\u00e7a o conceito e benef\u00edcios","description":"O layout funcional \u00e9 um estudo de como recursos devem ficar posicionados em um espa\u00e7o para\u00a0facilitar a execu\u00e7\u00e3o dos processos da empresa.","robots":{"index":"index","follow":"follow","max-snippet":"max-snippet:-1","max-image-preview":"max-image-preview:large","max-video-preview":"max-video-preview:-1"},"canonical":"https:\/\/www.marelli.com.br\/blog\/o-que-e-layout-funcional-conceito-e-beneficios-da-organizacao-ideal-do-escritorio\/","og_locale":"pt_BR","og_type":"article","og_title":"O que \u00e9 layout funcional? Conhe\u00e7a o conceito e benef\u00edcios","og_description":"O layout funcional \u00e9 um estudo de como recursos devem ficar posicionados em um espa\u00e7o para\u00a0facilitar a execu\u00e7\u00e3o dos processos da empresa.","og_url":"https:\/\/www.marelli.com.br\/blog\/o-que-e-layout-funcional-conceito-e-beneficios-da-organizacao-ideal-do-escritorio\/","og_site_name":"Marelli Blog","article_published_time":"2022-07-05T17:40:55+00:00","article_modified_time":"2025-11-21T14:51:14+00:00","og_image":[{"width":1280,"height":640,"url":"https:\/\/www.marelli.com.br\/blog\/wp-content\/uploads\/2022\/07\/o-que-e\u0301-layout-funcional-capa.jpeg","type":"image\/jpeg"}],"twitter_card":"summary_large_image","twitter_misc":{"Written by":"Marelli","Est. reading time":"9 minutos"},"schema":{"@context":"https:\/\/schema.org","@graph":[{"@type":"WebSite","@id":"https:\/\/www.marelli.com.br\/blog\/#website","url":"https:\/\/www.marelli.com.br\/blog\/","name":"Marelli Blog","description":"","potentialAction":[{"@type":"SearchAction","target":{"@type":"EntryPoint","urlTemplate":"https:\/\/www.marelli.com.br\/blog\/?s={search_term_string}"},"query-input":"required name=search_term_string"}],"inLanguage":"pt-BR"},{"@type":"ImageObject","inLanguage":"pt-BR","@id":"https:\/\/www.marelli.com.br\/blog\/o-que-e-layout-funcional-conceito-e-beneficios-da-organizacao-ideal-do-escritorio\/#primaryimage","url":"https:\/\/www.marelli.com.br\/blog\/wp-content\/uploads\/2022\/07\/o-que-e\u0301-layout-funcional-capa.jpeg","contentUrl":"https:\/\/www.marelli.com.br\/blog\/wp-content\/uploads\/2022\/07\/o-que-e\u0301-layout-funcional-capa.jpeg","width":1280,"height":640},{"@type":"WebPage","@id":"https:\/\/www.marelli.com.br\/blog\/o-que-e-layout-funcional-conceito-e-beneficios-da-organizacao-ideal-do-escritorio\/#webpage","url":"https:\/\/www.marelli.com.br\/blog\/o-que-e-layout-funcional-conceito-e-beneficios-da-organizacao-ideal-do-escritorio\/","name":"O que \u00e9 layout funcional? Conhe\u00e7a o conceito e benef\u00edcios","isPartOf":{"@id":"https:\/\/www.marelli.com.br\/blog\/#website"},"primaryImageOfPage":{"@id":"https:\/\/www.marelli.com.br\/blog\/o-que-e-layout-funcional-conceito-e-beneficios-da-organizacao-ideal-do-escritorio\/#primaryimage"},"datePublished":"2022-07-05T17:40:55+00:00","dateModified":"2025-11-21T14:51:14+00:00","author":{"@id":"https:\/\/www.marelli.com.br\/blog\/#\/schema\/person\/68a06758b0b82748917625b1dbaed889"},"description":"O layout funcional \u00e9 um estudo de como recursos devem ficar posicionados em um espa\u00e7o para\u00a0facilitar a execu\u00e7\u00e3o dos processos da empresa.","breadcrumb":{"@id":"https:\/\/www.marelli.com.br\/blog\/o-que-e-layout-funcional-conceito-e-beneficios-da-organizacao-ideal-do-escritorio\/#breadcrumb"},"inLanguage":"pt-BR","potentialAction":[{"@type":"ReadAction","target":["https:\/\/www.marelli.com.br\/blog\/o-que-e-layout-funcional-conceito-e-beneficios-da-organizacao-ideal-do-escritorio\/"]}]},{"@type":"BreadcrumbList","@id":"https:\/\/www.marelli.com.br\/blog\/o-que-e-layout-funcional-conceito-e-beneficios-da-organizacao-ideal-do-escritorio\/#breadcrumb","itemListElement":[{"@type":"ListItem","position":1,"name":"Home","item":"https:\/\/www.marelli.com.br\/blog\/"},{"@type":"ListItem","position":2,"name":"O que \u00e9 layout funcional? Conceito e benef\u00edcios da organiza\u00e7\u00e3o ideal do escrit\u00f3rio"}]},{"@type":"Person","@id":"https:\/\/www.marelli.com.br\/blog\/#\/schema\/person\/68a06758b0b82748917625b1dbaed889","name":"Marelli","image":{"@type":"ImageObject","inLanguage":"pt-BR","@id":"https:\/\/www.marelli.com.br\/blog\/#\/schema\/person\/image\/","url":"https:\/\/secure.gravatar.com\/avatar\/16d846803e6884dc49d44a8eac4a8ea9?s=96&d=mm&r=g","contentUrl":"https:\/\/secure.gravatar.com\/avatar\/16d846803e6884dc49d44a8eac4a8ea9?s=96&d=mm&r=g","caption":"Marelli"}}]}},"_links":{"self":[{"href":"https:\/\/www.marelli.com.br\/blog\/wp-json\/wp\/v2\/posts\/2508"}],"collection":[{"href":"https:\/\/www.marelli.com.br\/blog\/wp-json\/wp\/v2\/posts"}],"about":[{"href":"https:\/\/www.marelli.com.br\/blog\/wp-json\/wp\/v2\/types\/post"}],"author":[{"embeddable":true,"href":"https:\/\/www.marelli.com.br\/blog\/wp-json\/wp\/v2\/users\/2"}],"replies":[{"embeddable":true,"href":"https:\/\/www.marelli.com.br\/blog\/wp-json\/wp\/v2\/comments?post=2508"}],"version-history":[{"count":10,"href":"https:\/\/www.marelli.com.br\/blog\/wp-json\/wp\/v2\/posts\/2508\/revisions"}],"predecessor-version":[{"id":3521,"href":"https:\/\/www.marelli.com.br\/blog\/wp-json\/wp\/v2\/posts\/2508\/revisions\/3521"}],"wp:featuredmedia":[{"embeddable":true,"href":"https:\/\/www.marelli.com.br\/blog\/wp-json\/wp\/v2\/media\/2509"}],"wp:attachment":[{"href":"https:\/\/www.marelli.com.br\/blog\/wp-json\/wp\/v2\/media?parent=2508"}],"wp:term":[{"taxonomy":"category","embeddable":true,"href":"https:\/\/www.marelli.com.br\/blog\/wp-json\/wp\/v2\/categories?post=2508"},{"taxonomy":"post_tag","embeddable":true,"href":"https:\/\/www.marelli.com.br\/blog\/wp-json\/wp\/v2\/tags?post=2508"}],"curies":[{"name":"wp","href":"https:\/\/api.w.org\/{rel}","templated":true}]}}