{"id":2787,"date":"2022-09-02T15:08:47","date_gmt":"2022-09-02T18:08:47","guid":{"rendered":"https:\/\/marelliblog2022.protoaws.dzigual.com.br\/?p=2787"},"modified":"2025-11-21T11:50:59","modified_gmt":"2025-11-21T14:50:59","slug":"ergonomia-ambiente-de-trabalho","status":"publish","type":"post","link":"https:\/\/www.marelli.com.br\/blog\/ergonomia-ambiente-de-trabalho\/","title":{"rendered":"Ergonomia: entenda sua hist\u00f3ria, objetivos e como funciona na pr\u00e1tica"},"content":{"rendered":"\n<p>A ergonomia \u00e9 o estudo da rela\u00e7\u00e3o entre homem e m\u00e1quina ou outros elementos de um sistema, como \u00e9 o caso da profiss\u00e3o e do ambiente de trabalho. Isso \u00e9 feito com o objetivo de buscar a seguran\u00e7a e efici\u00eancia ideais na intera\u00e7\u00e3o entre seres humanos e esses sistemas.<\/p>\n\n\n\n<p><br>Ergonomia tem a ver com qualidade de vida e sa\u00fade. Com otimizar as condi\u00e7\u00f5es de trabalho, usando tecnologias e o que mais estiver \u00e0 disposi\u00e7\u00e3o para isso. Sendo assim, continue a leitura para aprender mais sobre a hist\u00f3ria da ergonomia, quais s\u00e3o seus objetivos e como sua aplica\u00e7\u00e3o funciona na pr\u00e1tica. Boa leitura!<\/p>\n\n\n\n<h2><strong>Etimologia e influ\u00eancia da ergonomia no mercado de trabalho<\/strong><\/h2>\n\n\n\n<p><br>A palavra ergonomia tem origem grega. Para compreendermos o seu conceito, podemos analis\u00e1-la da seguinte maneira: \u201cergon\u201d (trabalho) e \u201cnomos\u201d (regras e leis). Podemos dizer ent\u00e3o que s\u00e3o regras para o ambiente de trabalho que regulam quest\u00f5es do mobili\u00e1rio, mas tamb\u00e9m envolvem todos os outros elementos do ambiente.<br>Na verdade, a ergonomia leva em considera\u00e7\u00e3o todos os elementos que impactam de alguma forma na sa\u00fade e seguran\u00e7a das pessoas enquanto elas desempenham uma atividade profissional.<\/p>\n\n\n\n<p><br>Por isso, a import\u00e2ncia de compreender que, em qualquer projeto para escrit\u00f3rio, precisamos ter como foco principal o ser humano para que assim o ambiente, incluindo mobili\u00e1rio, ilumina\u00e7\u00e3o, ac\u00fastica, climatiza\u00e7\u00e3o, entre outros, se adapte \u00e0s necessidades de cada pessoa e n\u00e3o o contr\u00e1rio.<\/p>\n\n\n\n<h2><strong>Surgimento da ergonomia e os primeiros registros do uso da palavra<\/strong><\/h2>\n\n\n<div class=\"wp-block-image\">\n<figure class=\"aligncenter size-large is-resized\"><img loading=\"lazy\" src=\"https:\/\/www.marelli.com.br\/blog\/wp-content\/uploads\/2022\/09\/ergonomia-2-918x1024.jpg\" alt=\"\" class=\"wp-image-2790\" width=\"404\" height=\"450\" srcset=\"https:\/\/www.marelli.com.br\/blog\/wp-content\/uploads\/2022\/09\/ergonomia-2-918x1024.jpg 918w, https:\/\/www.marelli.com.br\/blog\/wp-content\/uploads\/2022\/09\/ergonomia-2-269x300.jpg 269w, https:\/\/www.marelli.com.br\/blog\/wp-content\/uploads\/2022\/09\/ergonomia-2-768x857.jpg 768w, https:\/\/www.marelli.com.br\/blog\/wp-content\/uploads\/2022\/09\/ergonomia-2-370x413.jpg 370w, https:\/\/www.marelli.com.br\/blog\/wp-content\/uploads\/2022\/09\/ergonomia-2-1010x1126.jpg 1010w, https:\/\/www.marelli.com.br\/blog\/wp-content\/uploads\/2022\/09\/ergonomia-2-470x524.jpg 470w, https:\/\/www.marelli.com.br\/blog\/wp-content\/uploads\/2022\/09\/ergonomia-2-700x781.jpg 700w, https:\/\/www.marelli.com.br\/blog\/wp-content\/uploads\/2022\/09\/ergonomia-2.jpg 1171w\" sizes=\"(max-width: 404px) 100vw, 404px\" \/><\/figure><\/div>\n\n\n<p>Os primeiros termos relacionados \u00e0 ergonomia surgiram por volta de 1857, com o pesquisador polon\u00eas Wojciech Jastrzebowski. Jastrzebowski teria feito, na \u00e9poca, um artigo sobre a aplica\u00e7\u00e3o do conceito enquanto \u201cci\u00eancia do trabalho baseada nas leis objetivas da ci\u00eancia e da natureza\u201d. Foi a partir disso que o termo ergonomia foi inclu\u00eddo no dicion\u00e1rio.<\/p>\n\n\n\n<p><br>Um pouco mais tarde, em 1949, per\u00edodo no qual as pessoas passaram a se preocupar mais com a sa\u00fade, Kenneth Frank Hywel Murrell liderou a cria\u00e7\u00e3o da primeira sociedade dedicada a ergonomia, a Ergonomics Research Society, na Inglaterra.<\/p>\n\n\n\n<p><br>Em 1959 surge tamb\u00e9m a funda\u00e7\u00e3o da International Ergonomics Association (IEA), que define a ergonomia pelo objetivo de elaborar um corpo de conhecimentos que, dentro de uma perspectiva de aplica\u00e7\u00e3o, deve resultar em uma melhor adapta\u00e7\u00e3o ao homem dos m\u00e9todos tecnol\u00f3gicos e dos ambientes de trabalho e de vida.<\/p>\n\n\n\n<p><br>Para que fosse poss\u00edvel seguir um padr\u00e3o m\u00ednimo de diretrizes e par\u00e2metros t\u00e9cnicos, cada lugar do mundo passou a criar normas que orientam a aplica\u00e7\u00e3o do conceito de ergonomia.<\/p>\n\n\n\n<h2><strong>Como a ergonomia funciona na pr\u00e1tica?<\/strong><\/h2>\n\n\n\n<p><br>A import\u00e2ncia da ergonomia no ambiente de trabalho pode ser traduzida como o estudo das intera\u00e7\u00f5es entre humanos e outros elementos de um sistema e de todos os m\u00e9todos de um projeto. Ela \u00e9 respons\u00e1vel por otimizar tanto o bem-estar das pessoas quanto o desempenho de todo o sistema.<\/p>\n\n\n\n<p><br>De acordo com a Organiza\u00e7\u00e3o Internacional de Normaliza\u00e7\u00e3o (ISO), a ergonomia \u00e9 uma an\u00e1lise diretamente proporcional do homem em rela\u00e7\u00e3o a algo. Isso vale para o ambiente onde se vive e trabalha, assim como o mobili\u00e1rio, ilumina\u00e7\u00e3o e demais aspectos essenciais que impactam na sa\u00fade e qualidade de vida das pessoas.<\/p>\n\n\n\n<h2><strong>Quais os benef\u00edcios da ergonomia?<\/strong><\/h2>\n\n\n\n<p><br>No momento de elaborar um projeto para o ambiente de trabalho, \u00e9 fundamental analisar a sa\u00fade f\u00edsica e emocional de cada pessoa naquele espa\u00e7o. Quanto mais esfor\u00e7os um indiv\u00edduo tiver que suportar, mais suscet\u00edvel ele estar\u00e1 a danos permanentes.<\/p>\n\n\n\n<p><br>\u00c9 como aquela famosa \u201cdorzinha nas costas e no pesco\u00e7o\u201d, a qual muitas vezes n\u00e3o se d\u00e1 import\u00e2ncia, classificando-a como \u201cnormal\u201d. A longo prazo pode causar enormes preju\u00edzos. Por isso, todo e qualquer projeto para escrit\u00f3rio deve considerar um espa\u00e7o que seja adaptado ao ser humano, sem que este precise gerar qualquer tipo de esfor\u00e7o em seu ambiente.<\/p>\n\n\n\n<p><br>Al\u00e9m dos aspectos da sa\u00fade mental das pessoas, deve-se analisar, portanto, o biotipo do profissional, porque postos de trabalho que n\u00e3o atendem \u00e0s necessidades da tarefa e caracter\u00edsticas f\u00edsicas do trabalhador resultam em movimentos e posturas inadequadas. Lembre-se que a promo\u00e7\u00e3o da qualidade de vida no trabalho vai contribuir para que o profissional produza mais e melhor.<\/p>\n\n\n\n<h2><strong>Como aplicar a ergonomia aos ambientes corporativos?<\/strong><\/h2>\n\n\n\n<p><br>Segundo estudos, atualmente, as pessoas que trabalham em escrit\u00f3rios ficam cerca de 80% do tempo sentadas, ocasionando uma s\u00e9rie de problemas \u00e0 sa\u00fade. Al\u00e9m disso, o sedentarismo tem come\u00e7ado cada vez mais cedo nas \u00faltimas gera\u00e7\u00f5es. Pesquisas apontam que um ter\u00e7o dos estudantes j\u00e1 apresentam danos musculares ao final da vida escolar por consequ\u00eancia do mobili\u00e1rio e inatividade por longos per\u00edodos.<\/p>\n\n\n\n<p><br>Dentre as principais solu\u00e7\u00f5es em ergonomia para estes cen\u00e1rios est\u00e3o a implementa\u00e7\u00e3o de ambientes mais humanos, ou seja, que interajam com as necessidades de cada indiv\u00edduo. Al\u00e9m disso, claro, utilizar um mobili\u00e1rio que ofere\u00e7a possibilidades de desempenhar atividades numa postura adequada.<\/p>\n\n\n\n<p><br>Precisamos de movimento e flexibilidade, e regras est\u00e1ticas muito r\u00edgidas, provavelmente n\u00e3o funcionar\u00e3o. Intercalar momentos de trabalho em p\u00e9 e sentado \u00e9 sempre a melhor op\u00e7\u00e3o para manter a movimenta\u00e7\u00e3o saud\u00e1vel em um ambiente de trabalho, seja atrav\u00e9s de mesas com eleva\u00e7\u00e3o de altura ou mesas mais altas para r\u00e1pidas reuni\u00f5es em p\u00e9 ou bancadas de apoio para atividades r\u00e1pidas.<\/p>\n\n\n\n<h2><strong>Ergonomia: uma de nossas maiores motiva\u00e7\u00f5es<\/strong><\/h2>\n\n\n\n<p><br>Na Marelli, acreditamos que m\u00f3veis ergon\u00f4micos ajudam a criar ambientes que transformam profissionais. Por isso, trabalhamos utilizando tecnologia de ponta e toda a nossa expertise, no intuito de criar solu\u00e7\u00f5es ergonomicamente eficientes.<\/p>\n\n\n\n<p><br>Conhe\u00e7a mais sobre nossa hist\u00f3ria e o que nos motiva <a href=\"https:\/\/www.marelli.com.br\/\">clicando aqui<\/a>!<\/p>\n\n\n\n<p><br>Quer entender como a ergonomia funciona na pr\u00e1tica? Assista os dois v\u00eddeos a seguir, desenvolvidos em parceria com a arquiteta Priscilla Bencke. Confira o talk de conte\u00fado e descubra como a qualidade corporativa \u00e9 fundamental para qualquer organiza\u00e7\u00e3o.<\/p>\n\n\n\n<p><\/p>\n\n\n\n<div class=\"wp-container-3 wp-block-group\"><div class=\"wp-block-group__inner-container\">\n<div class=\"wp-container-2 wp-block-columns\">\n<div class=\"wp-container-1 wp-block-column\" style=\"flex-basis:100%\">\n<figure class=\"wp-block-embed is-type-video is-provider-youtube wp-block-embed-youtube wp-embed-aspect-16-9 wp-has-aspect-ratio\"><div class=\"wp-block-embed__wrapper\">\n<iframe loading=\"lazy\" title=\"Talk de Conte\u00fado com Priscilla Bencke - Ergonomia\" width=\"1440\" height=\"810\" src=\"https:\/\/www.youtube.com\/embed\/-kx31Pnozmk?feature=oembed\" frameborder=\"0\" allow=\"accelerometer; autoplay; clipboard-write; encrypted-media; gyroscope; picture-in-picture; web-share\" allowfullscreen><\/iframe>\n<\/div><\/figure>\n<\/div>\n<\/div>\n<\/div><\/div>\n\n\n\n<figure class=\"wp-block-embed is-type-video is-provider-youtube wp-block-embed-youtube wp-embed-aspect-16-9 wp-has-aspect-ratio\"><div class=\"wp-block-embed__wrapper\">\n<iframe loading=\"lazy\" title=\"Talk de Conte\u00fado com Priscilla Bencke - Cadeiras e Poltronas\" width=\"1440\" height=\"810\" src=\"https:\/\/www.youtube.com\/embed\/pk3wSUf-ixc?feature=oembed\" frameborder=\"0\" allow=\"accelerometer; autoplay; clipboard-write; encrypted-media; gyroscope; picture-in-picture; web-share\" allowfullscreen><\/iframe>\n<\/div><\/figure>\n\n\n\n<p><\/p>\n\n\n\n<p>Gostou de aprender um pouco mais sobre o que \u00e9 layout funcional e suas vantagens? Ficou interessado em ver mais conte\u00fados como este ou conhecer os nossos servi\u00e7os? Ent\u00e3o,&nbsp;<a href=\"https:\/\/www.marelli.com.br\/contato\/\">entre em contato com a nossa empresa<\/a>&nbsp;que iremos ajud\u00e1-lo naquilo que precisar!<\/p>\n","protected":false},"excerpt":{"rendered":"<p>A ergonomia \u00e9 o estudo da rela\u00e7\u00e3o entre homem e m\u00e1quina ou outros elementos de um sistema, como \u00e9 o caso da profiss\u00e3o e do ambiente de trabalho. Isso \u00e9 feito com o objetivo de buscar a seguran\u00e7a&hellip;<\/p>\n","protected":false},"author":2,"featured_media":2794,"comment_status":"closed","ping_status":"open","sticky":false,"template":"","format":"standard","meta":[],"categories":[62],"tags":[],"yoast_head":"<!-- This site is optimized with the Yoast SEO plugin v19.1 - https:\/\/yoast.com\/wordpress\/plugins\/seo\/ -->\n<title>Ergonomia: entenda sua hist\u00f3ria, objetivos e como funciona<\/title>\n<meta name=\"description\" content=\"A ergonomia \u00e9 o estudo da rela\u00e7\u00e3o entre homem e m\u00e1quina ou outros elementos de um sistema, como na profiss\u00e3o e no ambiente de trabalho.\" \/>\n<meta name=\"robots\" content=\"index, follow, max-snippet:-1, max-image-preview:large, max-video-preview:-1\" \/>\n<link rel=\"canonical\" href=\"https:\/\/www.marelli.com.br\/blog\/ergonomia-ambiente-de-trabalho\/\" \/>\n<meta property=\"og:locale\" content=\"pt_BR\" \/>\n<meta property=\"og:type\" content=\"article\" \/>\n<meta property=\"og:title\" content=\"Ergonomia: entenda sua hist\u00f3ria, objetivos e como funciona\" \/>\n<meta property=\"og:description\" content=\"A ergonomia \u00e9 o estudo da rela\u00e7\u00e3o entre homem e m\u00e1quina ou outros elementos de um sistema, como na profiss\u00e3o e no ambiente de trabalho.\" \/>\n<meta property=\"og:url\" content=\"https:\/\/www.marelli.com.br\/blog\/ergonomia-ambiente-de-trabalho\/\" \/>\n<meta property=\"og:site_name\" content=\"Marelli Blog\" \/>\n<meta property=\"article:published_time\" content=\"2022-09-02T18:08:47+00:00\" \/>\n<meta property=\"article:modified_time\" content=\"2025-11-21T14:50:59+00:00\" \/>\n<meta property=\"og:image\" content=\"https:\/\/www.marelli.com.br\/blog\/wp-content\/uploads\/2022\/09\/photo.jpg\" \/>\n\t<meta property=\"og:image:width\" content=\"1000\" \/>\n\t<meta property=\"og:image:height\" content=\"1502\" \/>\n\t<meta property=\"og:image:type\" content=\"image\/jpeg\" \/>\n<meta name=\"twitter:card\" content=\"summary_large_image\" \/>\n<meta name=\"twitter:label1\" content=\"Written by\" \/>\n\t<meta name=\"twitter:data1\" content=\"Marelli\" \/>\n\t<meta name=\"twitter:label2\" content=\"Est. reading time\" \/>\n\t<meta name=\"twitter:data2\" content=\"6 minutos\" \/>\n<script type=\"application\/ld+json\" class=\"yoast-schema-graph\">{\"@context\":\"https:\/\/schema.org\",\"@graph\":[{\"@type\":\"WebSite\",\"@id\":\"https:\/\/www.marelli.com.br\/blog\/#website\",\"url\":\"https:\/\/www.marelli.com.br\/blog\/\",\"name\":\"Marelli Blog\",\"description\":\"\",\"potentialAction\":[{\"@type\":\"SearchAction\",\"target\":{\"@type\":\"EntryPoint\",\"urlTemplate\":\"https:\/\/www.marelli.com.br\/blog\/?s={search_term_string}\"},\"query-input\":\"required name=search_term_string\"}],\"inLanguage\":\"pt-BR\"},{\"@type\":\"ImageObject\",\"inLanguage\":\"pt-BR\",\"@id\":\"https:\/\/www.marelli.com.br\/blog\/ergonomia-ambiente-de-trabalho\/#primaryimage\",\"url\":\"https:\/\/www.marelli.com.br\/blog\/wp-content\/uploads\/2022\/09\/photo.jpg\",\"contentUrl\":\"https:\/\/www.marelli.com.br\/blog\/wp-content\/uploads\/2022\/09\/photo.jpg\",\"width\":1000,\"height\":1502,\"caption\":\"Modelo de ecossistema de trabalho sugerido pela Marelli\"},{\"@type\":\"WebPage\",\"@id\":\"https:\/\/www.marelli.com.br\/blog\/ergonomia-ambiente-de-trabalho\/#webpage\",\"url\":\"https:\/\/www.marelli.com.br\/blog\/ergonomia-ambiente-de-trabalho\/\",\"name\":\"Ergonomia: entenda sua hist\u00f3ria, objetivos e como funciona\",\"isPartOf\":{\"@id\":\"https:\/\/www.marelli.com.br\/blog\/#website\"},\"primaryImageOfPage\":{\"@id\":\"https:\/\/www.marelli.com.br\/blog\/ergonomia-ambiente-de-trabalho\/#primaryimage\"},\"datePublished\":\"2022-09-02T18:08:47+00:00\",\"dateModified\":\"2025-11-21T14:50:59+00:00\",\"author\":{\"@id\":\"https:\/\/www.marelli.com.br\/blog\/#\/schema\/person\/68a06758b0b82748917625b1dbaed889\"},\"description\":\"A ergonomia \u00e9 o estudo da rela\u00e7\u00e3o entre homem e m\u00e1quina ou outros elementos de um sistema, como na profiss\u00e3o e no ambiente de trabalho.\",\"breadcrumb\":{\"@id\":\"https:\/\/www.marelli.com.br\/blog\/ergonomia-ambiente-de-trabalho\/#breadcrumb\"},\"inLanguage\":\"pt-BR\",\"potentialAction\":[{\"@type\":\"ReadAction\",\"target\":[\"https:\/\/www.marelli.com.br\/blog\/ergonomia-ambiente-de-trabalho\/\"]}]},{\"@type\":\"BreadcrumbList\",\"@id\":\"https:\/\/www.marelli.com.br\/blog\/ergonomia-ambiente-de-trabalho\/#breadcrumb\",\"itemListElement\":[{\"@type\":\"ListItem\",\"position\":1,\"name\":\"Home\",\"item\":\"https:\/\/www.marelli.com.br\/blog\/\"},{\"@type\":\"ListItem\",\"position\":2,\"name\":\"Ergonomia: entenda sua hist\u00f3ria, objetivos e como funciona na pr\u00e1tica\"}]},{\"@type\":\"Person\",\"@id\":\"https:\/\/www.marelli.com.br\/blog\/#\/schema\/person\/68a06758b0b82748917625b1dbaed889\",\"name\":\"Marelli\",\"image\":{\"@type\":\"ImageObject\",\"inLanguage\":\"pt-BR\",\"@id\":\"https:\/\/www.marelli.com.br\/blog\/#\/schema\/person\/image\/\",\"url\":\"https:\/\/secure.gravatar.com\/avatar\/16d846803e6884dc49d44a8eac4a8ea9?s=96&d=mm&r=g\",\"contentUrl\":\"https:\/\/secure.gravatar.com\/avatar\/16d846803e6884dc49d44a8eac4a8ea9?s=96&d=mm&r=g\",\"caption\":\"Marelli\"}}]}<\/script>\n<!-- \/ Yoast SEO plugin. -->","yoast_head_json":{"title":"Ergonomia: entenda sua hist\u00f3ria, objetivos e como funciona","description":"A ergonomia \u00e9 o estudo da rela\u00e7\u00e3o entre homem e m\u00e1quina ou outros elementos de um sistema, como na profiss\u00e3o e no ambiente de trabalho.","robots":{"index":"index","follow":"follow","max-snippet":"max-snippet:-1","max-image-preview":"max-image-preview:large","max-video-preview":"max-video-preview:-1"},"canonical":"https:\/\/www.marelli.com.br\/blog\/ergonomia-ambiente-de-trabalho\/","og_locale":"pt_BR","og_type":"article","og_title":"Ergonomia: entenda sua hist\u00f3ria, objetivos e como funciona","og_description":"A ergonomia \u00e9 o estudo da rela\u00e7\u00e3o entre homem e m\u00e1quina ou outros elementos de um sistema, como na profiss\u00e3o e no ambiente de trabalho.","og_url":"https:\/\/www.marelli.com.br\/blog\/ergonomia-ambiente-de-trabalho\/","og_site_name":"Marelli Blog","article_published_time":"2022-09-02T18:08:47+00:00","article_modified_time":"2025-11-21T14:50:59+00:00","og_image":[{"width":1000,"height":1502,"url":"https:\/\/www.marelli.com.br\/blog\/wp-content\/uploads\/2022\/09\/photo.jpg","type":"image\/jpeg"}],"twitter_card":"summary_large_image","twitter_misc":{"Written by":"Marelli","Est. reading time":"6 minutos"},"schema":{"@context":"https:\/\/schema.org","@graph":[{"@type":"WebSite","@id":"https:\/\/www.marelli.com.br\/blog\/#website","url":"https:\/\/www.marelli.com.br\/blog\/","name":"Marelli Blog","description":"","potentialAction":[{"@type":"SearchAction","target":{"@type":"EntryPoint","urlTemplate":"https:\/\/www.marelli.com.br\/blog\/?s={search_term_string}"},"query-input":"required name=search_term_string"}],"inLanguage":"pt-BR"},{"@type":"ImageObject","inLanguage":"pt-BR","@id":"https:\/\/www.marelli.com.br\/blog\/ergonomia-ambiente-de-trabalho\/#primaryimage","url":"https:\/\/www.marelli.com.br\/blog\/wp-content\/uploads\/2022\/09\/photo.jpg","contentUrl":"https:\/\/www.marelli.com.br\/blog\/wp-content\/uploads\/2022\/09\/photo.jpg","width":1000,"height":1502,"caption":"Modelo de ecossistema de trabalho sugerido pela Marelli"},{"@type":"WebPage","@id":"https:\/\/www.marelli.com.br\/blog\/ergonomia-ambiente-de-trabalho\/#webpage","url":"https:\/\/www.marelli.com.br\/blog\/ergonomia-ambiente-de-trabalho\/","name":"Ergonomia: entenda sua hist\u00f3ria, objetivos e como funciona","isPartOf":{"@id":"https:\/\/www.marelli.com.br\/blog\/#website"},"primaryImageOfPage":{"@id":"https:\/\/www.marelli.com.br\/blog\/ergonomia-ambiente-de-trabalho\/#primaryimage"},"datePublished":"2022-09-02T18:08:47+00:00","dateModified":"2025-11-21T14:50:59+00:00","author":{"@id":"https:\/\/www.marelli.com.br\/blog\/#\/schema\/person\/68a06758b0b82748917625b1dbaed889"},"description":"A ergonomia \u00e9 o estudo da rela\u00e7\u00e3o entre homem e m\u00e1quina ou outros elementos de um sistema, como na profiss\u00e3o e no ambiente de trabalho.","breadcrumb":{"@id":"https:\/\/www.marelli.com.br\/blog\/ergonomia-ambiente-de-trabalho\/#breadcrumb"},"inLanguage":"pt-BR","potentialAction":[{"@type":"ReadAction","target":["https:\/\/www.marelli.com.br\/blog\/ergonomia-ambiente-de-trabalho\/"]}]},{"@type":"BreadcrumbList","@id":"https:\/\/www.marelli.com.br\/blog\/ergonomia-ambiente-de-trabalho\/#breadcrumb","itemListElement":[{"@type":"ListItem","position":1,"name":"Home","item":"https:\/\/www.marelli.com.br\/blog\/"},{"@type":"ListItem","position":2,"name":"Ergonomia: entenda sua hist\u00f3ria, objetivos e como funciona na pr\u00e1tica"}]},{"@type":"Person","@id":"https:\/\/www.marelli.com.br\/blog\/#\/schema\/person\/68a06758b0b82748917625b1dbaed889","name":"Marelli","image":{"@type":"ImageObject","inLanguage":"pt-BR","@id":"https:\/\/www.marelli.com.br\/blog\/#\/schema\/person\/image\/","url":"https:\/\/secure.gravatar.com\/avatar\/16d846803e6884dc49d44a8eac4a8ea9?s=96&d=mm&r=g","contentUrl":"https:\/\/secure.gravatar.com\/avatar\/16d846803e6884dc49d44a8eac4a8ea9?s=96&d=mm&r=g","caption":"Marelli"}}]}},"_links":{"self":[{"href":"https:\/\/www.marelli.com.br\/blog\/wp-json\/wp\/v2\/posts\/2787"}],"collection":[{"href":"https:\/\/www.marelli.com.br\/blog\/wp-json\/wp\/v2\/posts"}],"about":[{"href":"https:\/\/www.marelli.com.br\/blog\/wp-json\/wp\/v2\/types\/post"}],"author":[{"embeddable":true,"href":"https:\/\/www.marelli.com.br\/blog\/wp-json\/wp\/v2\/users\/2"}],"replies":[{"embeddable":true,"href":"https:\/\/www.marelli.com.br\/blog\/wp-json\/wp\/v2\/comments?post=2787"}],"version-history":[{"count":6,"href":"https:\/\/www.marelli.com.br\/blog\/wp-json\/wp\/v2\/posts\/2787\/revisions"}],"predecessor-version":[{"id":3518,"href":"https:\/\/www.marelli.com.br\/blog\/wp-json\/wp\/v2\/posts\/2787\/revisions\/3518"}],"wp:featuredmedia":[{"embeddable":true,"href":"https:\/\/www.marelli.com.br\/blog\/wp-json\/wp\/v2\/media\/2794"}],"wp:attachment":[{"href":"https:\/\/www.marelli.com.br\/blog\/wp-json\/wp\/v2\/media?parent=2787"}],"wp:term":[{"taxonomy":"category","embeddable":true,"href":"https:\/\/www.marelli.com.br\/blog\/wp-json\/wp\/v2\/categories?post=2787"},{"taxonomy":"post_tag","embeddable":true,"href":"https:\/\/www.marelli.com.br\/blog\/wp-json\/wp\/v2\/tags?post=2787"}],"curies":[{"name":"wp","href":"https:\/\/api.w.org\/{rel}","templated":true}]}}