{"id":2814,"date":"2022-11-22T10:18:11","date_gmt":"2022-11-22T13:18:11","guid":{"rendered":"https:\/\/www.marelli.com.br\/blog\/?p=2814"},"modified":"2025-03-07T15:08:51","modified_gmt":"2025-03-07T18:08:51","slug":"ecossistema-de-trabalho-uma-abordagem-hibrida","status":"publish","type":"post","link":"https:\/\/www.marelli.com.br\/blog\/ecossistema-de-trabalho-uma-abordagem-hibrida\/","title":{"rendered":"Ecossistema de trabalho: uma abordagem h\u00edbrida"},"content":{"rendered":"\t\t<div data-elementor-type=\"wp-post\" data-elementor-id=\"2814\" class=\"elementor elementor-2814\">\n\t\t\t\t\t\t<div class=\"elementor-inner\">\n\t\t\t\t<div class=\"elementor-section-wrap\">\n\t\t\t\t\t\t\t\t\t<section class=\"elementor-section elementor-top-section elementor-element elementor-element-2f00799f elementor-section-boxed elementor-section-height-default elementor-section-height-default\" data-id=\"2f00799f\" data-element_type=\"section\">\n\t\t\t\t\t\t<div class=\"elementor-container elementor-column-gap-extended\">\n\t\t\t\t\t\t\t<div class=\"elementor-row\">\n\t\t\t\t\t<div class=\"elementor-column elementor-col-100 elementor-top-column elementor-element elementor-element-2af1b387 sc_inner_width_none sc_content_align_inherit sc_layouts_column_icons_position_left\" data-id=\"2af1b387\" data-element_type=\"column\">\n\t\t\t<div class=\"elementor-column-wrap elementor-element-populated\">\n\t\t\t\t\t\t\t<div class=\"elementor-widget-wrap\">\n\t\t\t\t\t\t<div class=\"elementor-element elementor-element-4f9ec052 sc_fly_static elementor-widget elementor-widget-text-editor\" data-id=\"4f9ec052\" data-element_type=\"widget\" data-widget_type=\"text-editor.default\">\n\t\t\t\t<div class=\"elementor-widget-container\">\n\t\t\t\t\t\t\t\t<div class=\"elementor-text-editor elementor-clearfix\">\n\t\t\t\t<p><!-- wp:paragraph --><\/p>\n<p>Chegou o momento de ressignificar o espa\u00e7o de trabalho.<br \/><br \/><strong>A pandemia antecipou tend\u00eancias que j\u00e1 prev\u00edamos<\/strong> e nos for\u00e7ou a mudar nossa rotina de vida. A tecnologia e a conectividade digital, que permitem trabalhar de qualquer lugar, j\u00e1 estavam dispon\u00edveis. No entanto, foi em meio ao caos que tornamos esta &#8216;tend\u00eancia&#8217; uma realidade, onde o local de trabalho nunca mais ser\u00e1 o mesmo.<br \/><br \/><strong>O futuro ser\u00e1 moldado pensando na diversidade de perfis e inclus\u00e3o, abrindo espa\u00e7o para o modelo h\u00edbrido<\/strong>, onde o ambiente deve alimentar sensa\u00e7\u00f5es, considerando elementos que despertam o bem-estar f\u00edsico e mental. Como isso afeta o ecossistema de trabalho?<\/p>\n<p><!-- \/wp:paragraph --><\/p>\n<p><!-- wp:image {\"id\":2815,\"sizeSlug\":\"large\",\"linkDestination\":\"none\"} --><\/p>\n<figure class=\"wp-block-image size-large\"><img loading=\"lazy\" width=\"1024\" height=\"682\" class=\"wp-image-2815\" src=\"https:\/\/www.marelli.com.br\/blog\/wp-content\/uploads\/2022\/11\/portrait-young-man-work-video-call-with-laptop-from-home-home-office-concept-new-normal-lifestyle-1024x682.jpg\" alt=\"\" srcset=\"https:\/\/www.marelli.com.br\/blog\/wp-content\/uploads\/2022\/11\/portrait-young-man-work-video-call-with-laptop-from-home-home-office-concept-new-normal-lifestyle-1024x682.jpg 1024w, https:\/\/www.marelli.com.br\/blog\/wp-content\/uploads\/2022\/11\/portrait-young-man-work-video-call-with-laptop-from-home-home-office-concept-new-normal-lifestyle-300x200.jpg 300w, https:\/\/www.marelli.com.br\/blog\/wp-content\/uploads\/2022\/11\/portrait-young-man-work-video-call-with-laptop-from-home-home-office-concept-new-normal-lifestyle-768x512.jpg 768w, https:\/\/www.marelli.com.br\/blog\/wp-content\/uploads\/2022\/11\/portrait-young-man-work-video-call-with-laptop-from-home-home-office-concept-new-normal-lifestyle-1536x1024.jpg 1536w, https:\/\/www.marelli.com.br\/blog\/wp-content\/uploads\/2022\/11\/portrait-young-man-work-video-call-with-laptop-from-home-home-office-concept-new-normal-lifestyle-370x247.jpg 370w, https:\/\/www.marelli.com.br\/blog\/wp-content\/uploads\/2022\/11\/portrait-young-man-work-video-call-with-laptop-from-home-home-office-concept-new-normal-lifestyle-1010x673.jpg 1010w, https:\/\/www.marelli.com.br\/blog\/wp-content\/uploads\/2022\/11\/portrait-young-man-work-video-call-with-laptop-from-home-home-office-concept-new-normal-lifestyle-470x313.jpg 470w, https:\/\/www.marelli.com.br\/blog\/wp-content\/uploads\/2022\/11\/portrait-young-man-work-video-call-with-laptop-from-home-home-office-concept-new-normal-lifestyle-700x467.jpg 700w, https:\/\/www.marelli.com.br\/blog\/wp-content\/uploads\/2022\/11\/portrait-young-man-work-video-call-with-laptop-from-home-home-office-concept-new-normal-lifestyle.jpg 2000w\" sizes=\"(max-width: 1024px) 100vw, 1024px\" \/><\/figure>\n<p><!-- \/wp:image --><\/p>\n<p><!-- wp:heading --><\/p>\n<h2>A flexibilidade na rotina de trabalho<\/h2>\n<p><!-- \/wp:heading --><\/p>\n<p><!-- wp:paragraph --><\/p>\n<p>Nos \u00faltimos dois anos, muitas pessoas foram obrigadas a trabalhar de forma remota e agora, <strong>com a retomada da rotina, temos uma nova realidade: a flexibilidade<\/strong>. N\u00e3o se trata da escolha entre home office ou escrit\u00f3rio, pois o trabalho pode acontecer em qualquer ambiente que promova a possibilidade de executar as tarefas di\u00e1rias. Trata-se de um ecossistema que equilibra o trabalho e a vida pessoal.<br \/><br \/>Hoje, cada vez mais, <strong>as pessoas buscam por espa\u00e7os e <a href=\"https:\/\/www.marelli.com.br\/produtos-marelli\/estacao-de-trabalho-work\/\">esta\u00e7\u00f5es de trabalho<\/a> que as fa\u00e7am sentir confort\u00e1veis e produtivas<\/strong>, e poder escolher onde trabalhar pode ser a chave para uma melhor produtividade. Esta autonomia alimenta a criatividade e alavanca a inova\u00e7\u00e3o.<\/p>\n<p><!-- \/wp:paragraph --><\/p>\n<p><!-- wp:paragraph --><\/p>\n<p>De acordo com a\u00a0<a href=\"https:\/\/hbr.org\/2022\/01\/11-trends-that-will-shape-work-in-2022-and-beyond?mc_cid=3ff0ad99bc&amp;mc_eid=f3266f79e4\"><strong>Harvard Business Review<\/strong><\/a><strong>,\u00a0mais de 90% dos empregadores est\u00e3o planejando adotar um modelo h\u00edbrido para seus trabalhadores em 2022<\/strong>.\u00a0Refor\u00e7ando este dado, o\u00a0<a href=\"https:\/\/www.microsoft.com\/en-us\/worklab\/work-trend-index\/hybrid-work\">\u00edndice<\/a> de tend\u00eancias\u00a0de 2021 da Microsoft, que entrevistou 30.000 pessoas em 31 pa\u00edses, mostra que 73% dos respondentes gostariam de um modelo flex\u00edvel, apontando que 67% desejam ter momentos de intera\u00e7\u00e3o com a equipe.<\/p>\n<p><!-- \/wp:paragraph --><\/p>\n<p><!-- wp:image {\"id\":2816,\"sizeSlug\":\"large\",\"linkDestination\":\"none\"} --><\/p>\n<figure class=\"wp-block-image size-large\"><img loading=\"lazy\" class=\"alignnone wp-image-2816\" src=\"https:\/\/www.marelli.com.br\/blog\/wp-content\/uploads\/2022\/11\/happy-colleagues-chatting-joking-1-1024x683.jpg\" alt=\"\" width=\"1024\" height=\"683\" srcset=\"https:\/\/www.marelli.com.br\/blog\/wp-content\/uploads\/2022\/11\/happy-colleagues-chatting-joking-1-1024x683.jpg 1024w, https:\/\/www.marelli.com.br\/blog\/wp-content\/uploads\/2022\/11\/happy-colleagues-chatting-joking-1-300x200.jpg 300w, https:\/\/www.marelli.com.br\/blog\/wp-content\/uploads\/2022\/11\/happy-colleagues-chatting-joking-1-768x512.jpg 768w, https:\/\/www.marelli.com.br\/blog\/wp-content\/uploads\/2022\/11\/happy-colleagues-chatting-joking-1-1536x1024.jpg 1536w, https:\/\/www.marelli.com.br\/blog\/wp-content\/uploads\/2022\/11\/happy-colleagues-chatting-joking-1-2048x1365.jpg 2048w, https:\/\/www.marelli.com.br\/blog\/wp-content\/uploads\/2022\/11\/happy-colleagues-chatting-joking-1-370x247.jpg 370w, https:\/\/www.marelli.com.br\/blog\/wp-content\/uploads\/2022\/11\/happy-colleagues-chatting-joking-1-1010x673.jpg 1010w, https:\/\/www.marelli.com.br\/blog\/wp-content\/uploads\/2022\/11\/happy-colleagues-chatting-joking-1-470x313.jpg 470w, https:\/\/www.marelli.com.br\/blog\/wp-content\/uploads\/2022\/11\/happy-colleagues-chatting-joking-1-700x467.jpg 700w\" sizes=\"(max-width: 1024px) 100vw, 1024px\" \/><\/figure>\n<p><!-- \/wp:image --><\/p>\n<p><!-- wp:heading --><\/p>\n<h2>Os novos movimentos do mercado: a mudan\u00e7a de mentalidade<\/h2>\n<p><!-- \/wp:heading --><\/p>\n<p><!-- wp:paragraph --><\/p>\n<p>Os <strong>novos movimentos do mercado mostram que n\u00e3o estamos mais amarrados ao conceito tradicional de espa\u00e7o<\/strong> quando se trata de como, quando e onde trabalhamos. \u00c9 o momento de abandonar a antiga no\u00e7\u00e3o de que as pessoas devem trabalhar no mesmo local sempre para serem produtivas. \u00c9 uma <strong>grande mudan\u00e7a de mentalidade<\/strong> que exigir\u00e1 das organiza\u00e7\u00f5es a <a href=\"https:\/\/www.marelli.com.br\/blog\/arquitetura-corporativa-principais-desafios-e-como-supera-los\/\">reformula\u00e7\u00e3o do modelo corporativo<\/a>.<br \/><br \/>O <strong>trabalho remoto criou oportunidades<\/strong>, ofereceu mais tempo para a fam\u00edlia, por\u00e9m, as equipes se tornaram mais isoladas e a exaust\u00e3o digital \u00e9 uma amea\u00e7a real. Desta forma, o modelo home office continuar\u00e1 a evoluir para dar suporte para as tarefas que envolvem foco e concentra\u00e7\u00e3o, para flexibilidade e autonomia.<br \/><br \/>\u00c9 claro que existem algumas limita\u00e7\u00f5es, como a dificuldade para momentos colaborativos, aprendizado com outras pessoas, perdendo a conex\u00e3o social. Isto mostra que <strong>o escrit\u00f3rio continua a ter seu papel importante a desempenhar<\/strong> e que, principalmente, est\u00e1 passando por um processo de repagina\u00e7\u00e3o, est\u00e1 evoluindo para um lugar de contexto social.<\/p>\n<p><!-- \/wp:paragraph --><\/p>\n<p><!-- wp:image {\"id\":2817,\"sizeSlug\":\"large\",\"linkDestination\":\"none\"} --><\/p>\n<figure class=\"wp-block-image size-large\"><img loading=\"lazy\" width=\"1024\" height=\"682\" class=\"wp-image-2817\" src=\"https:\/\/www.marelli.com.br\/blog\/wp-content\/uploads\/2022\/11\/relaxed-woman-working-from-home-her-laptop-1024x682.jpg\" alt=\"\" srcset=\"https:\/\/www.marelli.com.br\/blog\/wp-content\/uploads\/2022\/11\/relaxed-woman-working-from-home-her-laptop-1024x682.jpg 1024w, https:\/\/www.marelli.com.br\/blog\/wp-content\/uploads\/2022\/11\/relaxed-woman-working-from-home-her-laptop-300x200.jpg 300w, https:\/\/www.marelli.com.br\/blog\/wp-content\/uploads\/2022\/11\/relaxed-woman-working-from-home-her-laptop-768x512.jpg 768w, https:\/\/www.marelli.com.br\/blog\/wp-content\/uploads\/2022\/11\/relaxed-woman-working-from-home-her-laptop-1536x1024.jpg 1536w, https:\/\/www.marelli.com.br\/blog\/wp-content\/uploads\/2022\/11\/relaxed-woman-working-from-home-her-laptop-370x247.jpg 370w, https:\/\/www.marelli.com.br\/blog\/wp-content\/uploads\/2022\/11\/relaxed-woman-working-from-home-her-laptop-1010x673.jpg 1010w, https:\/\/www.marelli.com.br\/blog\/wp-content\/uploads\/2022\/11\/relaxed-woman-working-from-home-her-laptop-470x313.jpg 470w, https:\/\/www.marelli.com.br\/blog\/wp-content\/uploads\/2022\/11\/relaxed-woman-working-from-home-her-laptop-700x467.jpg 700w, https:\/\/www.marelli.com.br\/blog\/wp-content\/uploads\/2022\/11\/relaxed-woman-working-from-home-her-laptop.jpg 2000w\" sizes=\"(max-width: 1024px) 100vw, 1024px\" \/><\/figure>\n<p><!-- \/wp:image --><\/p>\n<p><!-- wp:heading --><\/p>\n<h2>Onde as pessoas preferem trabalhar?<\/h2>\n<p><!-- \/wp:heading --><\/p>\n<p><!-- wp:paragraph --><\/p>\n<p>A sede corporativa nunca vai perder a sua import\u00e2ncia pois \u00e9 o epicentro da cultura organizacional, \u00e9 o que promove o engajamento e a constru\u00e7\u00e3o do capital social, e seu foco ser\u00e1 cada vez mais baseado em valores como a sustentabilidade, economia compartilhada, comunidade social e mobilidade.<\/p>\n<p><!-- \/wp:paragraph --><\/p>\n<p><!-- wp:paragraph --><\/p>\n<p><strong>O futuro do trabalho equilibra tr\u00eas locais f\u00edsicos: o escrit\u00f3rio, a resid\u00eancia e um terceiro espa\u00e7o, contribuindo para o conceito de \u201ctrabalhe de qualquer lugar\u201d <\/strong>\u00a0que permite que as organiza\u00e7\u00f5es apoiem diferentes estilos de trabalho, engajando seus colaboradores a atuar independentemente do local.<br \/><br \/>Estudos mostram que <strong>as sedes corporativas passar\u00e3o por um processo de redu\u00e7\u00e3o de tamanho de 15 a 17%<\/strong> visando, justamente, se adequar ao futuro, enquanto os espa\u00e7os de coworking em todo o mundo devem chegar a 25.968 at\u00e9 2022, um aumento de 42%.<br \/><br \/>\u00c9 a partir deste cen\u00e1rio de mudan\u00e7a que podemos incorporar a esta narrativa os <strong>espa\u00e7os de complementa\u00e7\u00e3o,<\/strong> onde permite o trabalho de modo tempor\u00e1rio de forma a poder trocar do ambiente al\u00e9m da casa e da sede da empresa, estes espa\u00e7os s\u00e3o os<strong> coworkings, hubs de inova\u00e7\u00e3o, caf\u00e9s, etc<\/strong>. Espa\u00e7os que contribuem para a evolu\u00e7\u00e3o do trabalho como um todo, pois o empregador n\u00e3o precisa mais estar amarrado a contrata\u00e7\u00e3o de profissionais regionais por exemplo, abrindo um leque de possibilidades muito grande, capacitando ainda mais suas equipes.<br \/><br \/>S\u00e3o locais de encontro com grupos com prop\u00f3sitos distintos, possibilitando a troca de conhecimento. Adicionado a isso tamb\u00e9m precisamos falar da flexibilidade, facilitando deslocamento, al\u00e9m de se tornarem paradas estrat\u00e9gicas durante as viagens de neg\u00f3cios.<\/p>\n<p><!-- \/wp:paragraph --><\/p>\n<p><!-- wp:image {\"align\":\"center\",\"id\":2836,\"width\":539,\"height\":395,\"sizeSlug\":\"large\",\"linkDestination\":\"none\"} --><\/p>\n<figure class=\"wp-block-image aligncenter size-large is-resized\"><img loading=\"lazy\" class=\"wp-image-2836\" src=\"https:\/\/www.marelli.com.br\/blog\/wp-content\/uploads\/2022\/11\/ECOSSISTEMA-MARELLI-1024x749.png\" alt=\"\" width=\"539\" height=\"395\" srcset=\"https:\/\/www.marelli.com.br\/blog\/wp-content\/uploads\/2022\/11\/ECOSSISTEMA-MARELLI-1024x749.png 1024w, https:\/\/www.marelli.com.br\/blog\/wp-content\/uploads\/2022\/11\/ECOSSISTEMA-MARELLI-300x219.png 300w, https:\/\/www.marelli.com.br\/blog\/wp-content\/uploads\/2022\/11\/ECOSSISTEMA-MARELLI-768x561.png 768w, https:\/\/www.marelli.com.br\/blog\/wp-content\/uploads\/2022\/11\/ECOSSISTEMA-MARELLI-1536x1123.png 1536w, https:\/\/www.marelli.com.br\/blog\/wp-content\/uploads\/2022\/11\/ECOSSISTEMA-MARELLI-2048x1497.png 2048w, https:\/\/www.marelli.com.br\/blog\/wp-content\/uploads\/2022\/11\/ECOSSISTEMA-MARELLI-370x270.png 370w, https:\/\/www.marelli.com.br\/blog\/wp-content\/uploads\/2022\/11\/ECOSSISTEMA-MARELLI-1010x738.png 1010w, https:\/\/www.marelli.com.br\/blog\/wp-content\/uploads\/2022\/11\/ECOSSISTEMA-MARELLI-470x344.png 470w, https:\/\/www.marelli.com.br\/blog\/wp-content\/uploads\/2022\/11\/ECOSSISTEMA-MARELLI-700x512.png 700w\" sizes=\"(max-width: 539px) 100vw, 539px\" \/>\n<p>\u00a0<\/p>\n<figcaption>Modelo de ecossistema de trabalho sugerido pela Marelli<\/figcaption>\n<\/figure>\n<p><!-- \/wp:image --><\/p>\n<p><!-- wp:heading --><\/p>\n<h2>As qualidades que v\u00e3o definir o local de trabalho<\/h2>\n<p><!-- \/wp:heading --><\/p>\n<p><!-- wp:paragraph --><\/p>\n<p>Flexibilidade, agilidade e adaptabilidade s\u00e3o as <strong>principais qualidades que definir\u00e3o o local de trabalho<\/strong>.\u00a0A reflex\u00e3o que fica \u00e9 que, no \u00faltimo ano, nenhuma \u00e1rea passou por uma transforma\u00e7\u00e3o t\u00e3o r\u00e1pida quanto os escrit\u00f3rios. Para muitos, <strong>o trabalho presencial deixou de ser uma obriga\u00e7\u00e3o<\/strong> e agora, mais do que nunca, precisa despertar o interesse do colaborador.<br \/><br \/>Conforme Adam Grant, especialista em psicologia organizacional, \u201c<strong>uma vis\u00e3o melhor para um local de trabalho \u00e9 uma comunidade<\/strong> \u2013 um lugar onde as pessoas se unem em torno de valores compartilhados, se sintam valorizadas como seres humanos e tenham voz nas decis\u00f5es que as afetam\u201d. \u00c9 disso que as pessoas precisam hoje mais do que nunca.\u00a0\u00a0As principais <strong>raz\u00f5es pelas quais as pessoas querem voltar ao escrit\u00f3rio<\/strong> s\u00e3o encontrar-se com membros da equipe (83%) e intera\u00e7\u00e3o social com pessoas diferentes (89%).<br \/><br \/>A forma como o trabalho acontece mudou e precisaremos definir a produtividade de forma mais ampla. <a href=\"https:\/\/www.marelli.com.br\/blog\/o-que-e-layout-funcional-conceito-e-beneficios-da-organizacao-ideal-do-escritorio\/\">Os layouts de trabalho precisam ser remodelados<\/a> e refletir esta nova realidade. <strong>Chegou o momento de criar espa\u00e7os onde os colaboradores queiram pertencer.<\/strong><\/p>\n<p><!-- \/wp:paragraph --><\/p>\n<p><!-- wp:heading {\"level\":3} --><\/p>\n<h3>Sobre a autora<\/h3>\n<p><!-- \/wp:heading --><\/p>\n<p><!-- wp:paragraph --><\/p>\n<p>Vanessa Zattera \u00e9 <strong>designer industrial da <\/strong><a href=\"https:\/\/www.marelli.com.br\/\"><strong>Marelli<\/strong><\/a>, graduada em Design de Produto, pela Universidade de Caxias do Sul (UCS). Finalista e ganhadora de concursos de design nacionais e internacionais, a autora j\u00e1 apresentou e ministrou oficinas sobre projetos de interiores, decora\u00e7\u00e3o e tend\u00eancias, inova\u00e7\u00e3o e acabamentos para design moveleiro, e sobre os profissionais de design no mercado de trabalho.<\/p>\n<p><!-- \/wp:paragraph --><\/p>\n<p><!-- wp:heading {\"level\":3} --><\/p>\n<h3>Fontes<\/h3>\n<p><!-- \/wp:heading --><\/p>\n<p><!-- wp:paragraph --><\/p>\n<p><strong>HAWORTH<\/strong>. Work from Anywhere: Where Does the Best Work Happen?, [s. l.], 1 set. 2020.<\/p>\n<p><!-- \/wp:paragraph --><\/p>\n<p><!-- wp:paragraph --><\/p>\n<p><strong>MICROSOFT<\/strong>. The Next Great Disruption Is Hybrid Work \u2013 Are We Ready?. 2021 Work Trend Index: Annual Report, [s. l.], 22 mar. 2021.<\/p>\n<p><!-- \/wp:paragraph --><\/p>\n<p><!-- wp:paragraph --><\/p>\n<p><strong>SONY NETWORK COMMUNICATIONS EUROPE<\/strong>. The changing role of the office, post-COVID. A survey by Sony Network Communications Europe, [s. l.], 2021.<\/p>\n<p><!-- \/wp:paragraph --><\/p>\n<p><!-- wp:paragraph --><\/p>\n<p><strong>STEELCASE<\/strong>. The New Era of Hybrid Work. Global Report, [s. l.], fev. 2022.<\/p>\n<p><!-- \/wp:paragraph --><\/p>\n<p><!-- wp:paragraph --><\/p>\n<p><strong>WGSN<\/strong>. The future of work, 2022.<br \/><br \/><strong>VITRA<\/strong>. Back to the office.<\/p>\n<p><!-- \/wp:paragraph --><\/p>\t\t\t\t\t<\/div>\n\t\t\t\t\t\t<\/div>\n\t\t\t\t<\/div>\n\t\t\t\t\t\t<\/div>\n\t\t\t\t\t<\/div>\n\t\t<\/div>\n\t\t\t\t\t\t\t\t<\/div>\n\t\t\t\t\t<\/div>\n\t\t<\/section>\n\t\t\t\t\t\t\t\t\t<\/div>\n\t\t\t<\/div>\n\t\t\t\t\t<\/div>\n\t\t","protected":false},"excerpt":{"rendered":"<p>Chegou o momento de ressignificar o espa\u00e7o de trabalho. A pandemia antecipou tend\u00eancias que j\u00e1 prev\u00edamos e nos for\u00e7ou a mudar nossa rotina de vida. A tecnologia e a conectividade digital, que permitem trabalhar de qualquer lugar, j\u00e1&hellip;<\/p>\n","protected":false},"author":2,"featured_media":2816,"comment_status":"closed","ping_status":"open","sticky":true,"template":"","format":"standard","meta":[],"categories":[63,64],"tags":[],"yoast_head":"<!-- This site is optimized with the Yoast SEO plugin v19.1 - https:\/\/yoast.com\/wordpress\/plugins\/seo\/ -->\n<title>Ecossistema de trabalho: uma abordagem h\u00edbrida - Marelli Blog<\/title>\n<meta name=\"description\" content=\"O ecossistema de trabalho precisou mudar devido \u00e0 pandemia. O que come\u00e7ou por necessidade agora \u00e9 uma tend\u00eancia para o futuro do trabalho.\" \/>\n<meta name=\"robots\" content=\"index, follow, max-snippet:-1, max-image-preview:large, max-video-preview:-1\" \/>\n<link rel=\"canonical\" href=\"https:\/\/www.marelli.com.br\/blog\/ecossistema-de-trabalho-uma-abordagem-hibrida\/\" \/>\n<meta property=\"og:locale\" content=\"pt_BR\" \/>\n<meta property=\"og:type\" content=\"article\" \/>\n<meta property=\"og:title\" content=\"Ecossistema de trabalho: uma abordagem h\u00edbrida - Marelli Blog\" \/>\n<meta property=\"og:description\" content=\"O ecossistema de trabalho precisou mudar devido \u00e0 pandemia. O que come\u00e7ou por necessidade agora \u00e9 uma tend\u00eancia para o futuro do trabalho.\" \/>\n<meta property=\"og:url\" content=\"https:\/\/www.marelli.com.br\/blog\/ecossistema-de-trabalho-uma-abordagem-hibrida\/\" \/>\n<meta property=\"og:site_name\" content=\"Marelli Blog\" \/>\n<meta property=\"article:published_time\" content=\"2022-11-22T13:18:11+00:00\" \/>\n<meta property=\"article:modified_time\" content=\"2025-03-07T18:08:51+00:00\" \/>\n<meta property=\"og:image\" content=\"https:\/\/www.marelli.com.br\/blog\/wp-content\/uploads\/2022\/11\/happy-colleagues-chatting-joking-1-scaled.jpg\" \/>\n\t<meta property=\"og:image:width\" content=\"2560\" \/>\n\t<meta property=\"og:image:height\" content=\"1707\" \/>\n\t<meta property=\"og:image:type\" content=\"image\/jpeg\" \/>\n<meta name=\"twitter:card\" content=\"summary_large_image\" \/>\n<meta name=\"twitter:label1\" content=\"Written by\" \/>\n\t<meta name=\"twitter:data1\" content=\"Marelli\" \/>\n\t<meta name=\"twitter:label2\" content=\"Est. reading time\" \/>\n\t<meta name=\"twitter:data2\" content=\"7 minutos\" \/>\n<script type=\"application\/ld+json\" class=\"yoast-schema-graph\">{\"@context\":\"https:\/\/schema.org\",\"@graph\":[{\"@type\":\"WebSite\",\"@id\":\"https:\/\/www.marelli.com.br\/blog\/#website\",\"url\":\"https:\/\/www.marelli.com.br\/blog\/\",\"name\":\"Marelli Blog\",\"description\":\"\",\"potentialAction\":[{\"@type\":\"SearchAction\",\"target\":{\"@type\":\"EntryPoint\",\"urlTemplate\":\"https:\/\/www.marelli.com.br\/blog\/?s={search_term_string}\"},\"query-input\":\"required name=search_term_string\"}],\"inLanguage\":\"pt-BR\"},{\"@type\":\"ImageObject\",\"inLanguage\":\"pt-BR\",\"@id\":\"https:\/\/www.marelli.com.br\/blog\/ecossistema-de-trabalho-uma-abordagem-hibrida\/#primaryimage\",\"url\":\"https:\/\/www.marelli.com.br\/blog\/wp-content\/uploads\/2022\/11\/happy-colleagues-chatting-joking-1-scaled.jpg\",\"contentUrl\":\"https:\/\/www.marelli.com.br\/blog\/wp-content\/uploads\/2022\/11\/happy-colleagues-chatting-joking-1-scaled.jpg\",\"width\":2560,\"height\":1707},{\"@type\":\"WebPage\",\"@id\":\"https:\/\/www.marelli.com.br\/blog\/ecossistema-de-trabalho-uma-abordagem-hibrida\/#webpage\",\"url\":\"https:\/\/www.marelli.com.br\/blog\/ecossistema-de-trabalho-uma-abordagem-hibrida\/\",\"name\":\"Ecossistema de trabalho: uma abordagem h\u00edbrida - Marelli Blog\",\"isPartOf\":{\"@id\":\"https:\/\/www.marelli.com.br\/blog\/#website\"},\"primaryImageOfPage\":{\"@id\":\"https:\/\/www.marelli.com.br\/blog\/ecossistema-de-trabalho-uma-abordagem-hibrida\/#primaryimage\"},\"datePublished\":\"2022-11-22T13:18:11+00:00\",\"dateModified\":\"2025-03-07T18:08:51+00:00\",\"author\":{\"@id\":\"https:\/\/www.marelli.com.br\/blog\/#\/schema\/person\/68a06758b0b82748917625b1dbaed889\"},\"description\":\"O ecossistema de trabalho precisou mudar devido \u00e0 pandemia. O que come\u00e7ou por necessidade agora \u00e9 uma tend\u00eancia para o futuro do trabalho.\",\"breadcrumb\":{\"@id\":\"https:\/\/www.marelli.com.br\/blog\/ecossistema-de-trabalho-uma-abordagem-hibrida\/#breadcrumb\"},\"inLanguage\":\"pt-BR\",\"potentialAction\":[{\"@type\":\"ReadAction\",\"target\":[\"https:\/\/www.marelli.com.br\/blog\/ecossistema-de-trabalho-uma-abordagem-hibrida\/\"]}]},{\"@type\":\"BreadcrumbList\",\"@id\":\"https:\/\/www.marelli.com.br\/blog\/ecossistema-de-trabalho-uma-abordagem-hibrida\/#breadcrumb\",\"itemListElement\":[{\"@type\":\"ListItem\",\"position\":1,\"name\":\"Home\",\"item\":\"https:\/\/www.marelli.com.br\/blog\/\"},{\"@type\":\"ListItem\",\"position\":2,\"name\":\"Ecossistema de trabalho: uma abordagem h\u00edbrida\"}]},{\"@type\":\"Person\",\"@id\":\"https:\/\/www.marelli.com.br\/blog\/#\/schema\/person\/68a06758b0b82748917625b1dbaed889\",\"name\":\"Marelli\",\"image\":{\"@type\":\"ImageObject\",\"inLanguage\":\"pt-BR\",\"@id\":\"https:\/\/www.marelli.com.br\/blog\/#\/schema\/person\/image\/\",\"url\":\"https:\/\/secure.gravatar.com\/avatar\/16d846803e6884dc49d44a8eac4a8ea9?s=96&d=mm&r=g\",\"contentUrl\":\"https:\/\/secure.gravatar.com\/avatar\/16d846803e6884dc49d44a8eac4a8ea9?s=96&d=mm&r=g\",\"caption\":\"Marelli\"}}]}<\/script>\n<!-- \/ Yoast SEO plugin. -->","yoast_head_json":{"title":"Ecossistema de trabalho: uma abordagem h\u00edbrida - Marelli Blog","description":"O ecossistema de trabalho precisou mudar devido \u00e0 pandemia. O que come\u00e7ou por necessidade agora \u00e9 uma tend\u00eancia para o futuro do trabalho.","robots":{"index":"index","follow":"follow","max-snippet":"max-snippet:-1","max-image-preview":"max-image-preview:large","max-video-preview":"max-video-preview:-1"},"canonical":"https:\/\/www.marelli.com.br\/blog\/ecossistema-de-trabalho-uma-abordagem-hibrida\/","og_locale":"pt_BR","og_type":"article","og_title":"Ecossistema de trabalho: uma abordagem h\u00edbrida - Marelli Blog","og_description":"O ecossistema de trabalho precisou mudar devido \u00e0 pandemia. O que come\u00e7ou por necessidade agora \u00e9 uma tend\u00eancia para o futuro do trabalho.","og_url":"https:\/\/www.marelli.com.br\/blog\/ecossistema-de-trabalho-uma-abordagem-hibrida\/","og_site_name":"Marelli Blog","article_published_time":"2022-11-22T13:18:11+00:00","article_modified_time":"2025-03-07T18:08:51+00:00","og_image":[{"width":2560,"height":1707,"url":"https:\/\/www.marelli.com.br\/blog\/wp-content\/uploads\/2022\/11\/happy-colleagues-chatting-joking-1-scaled.jpg","type":"image\/jpeg"}],"twitter_card":"summary_large_image","twitter_misc":{"Written by":"Marelli","Est. reading time":"7 minutos"},"schema":{"@context":"https:\/\/schema.org","@graph":[{"@type":"WebSite","@id":"https:\/\/www.marelli.com.br\/blog\/#website","url":"https:\/\/www.marelli.com.br\/blog\/","name":"Marelli Blog","description":"","potentialAction":[{"@type":"SearchAction","target":{"@type":"EntryPoint","urlTemplate":"https:\/\/www.marelli.com.br\/blog\/?s={search_term_string}"},"query-input":"required name=search_term_string"}],"inLanguage":"pt-BR"},{"@type":"ImageObject","inLanguage":"pt-BR","@id":"https:\/\/www.marelli.com.br\/blog\/ecossistema-de-trabalho-uma-abordagem-hibrida\/#primaryimage","url":"https:\/\/www.marelli.com.br\/blog\/wp-content\/uploads\/2022\/11\/happy-colleagues-chatting-joking-1-scaled.jpg","contentUrl":"https:\/\/www.marelli.com.br\/blog\/wp-content\/uploads\/2022\/11\/happy-colleagues-chatting-joking-1-scaled.jpg","width":2560,"height":1707},{"@type":"WebPage","@id":"https:\/\/www.marelli.com.br\/blog\/ecossistema-de-trabalho-uma-abordagem-hibrida\/#webpage","url":"https:\/\/www.marelli.com.br\/blog\/ecossistema-de-trabalho-uma-abordagem-hibrida\/","name":"Ecossistema de trabalho: uma abordagem h\u00edbrida - Marelli Blog","isPartOf":{"@id":"https:\/\/www.marelli.com.br\/blog\/#website"},"primaryImageOfPage":{"@id":"https:\/\/www.marelli.com.br\/blog\/ecossistema-de-trabalho-uma-abordagem-hibrida\/#primaryimage"},"datePublished":"2022-11-22T13:18:11+00:00","dateModified":"2025-03-07T18:08:51+00:00","author":{"@id":"https:\/\/www.marelli.com.br\/blog\/#\/schema\/person\/68a06758b0b82748917625b1dbaed889"},"description":"O ecossistema de trabalho precisou mudar devido \u00e0 pandemia. O que come\u00e7ou por necessidade agora \u00e9 uma tend\u00eancia para o futuro do trabalho.","breadcrumb":{"@id":"https:\/\/www.marelli.com.br\/blog\/ecossistema-de-trabalho-uma-abordagem-hibrida\/#breadcrumb"},"inLanguage":"pt-BR","potentialAction":[{"@type":"ReadAction","target":["https:\/\/www.marelli.com.br\/blog\/ecossistema-de-trabalho-uma-abordagem-hibrida\/"]}]},{"@type":"BreadcrumbList","@id":"https:\/\/www.marelli.com.br\/blog\/ecossistema-de-trabalho-uma-abordagem-hibrida\/#breadcrumb","itemListElement":[{"@type":"ListItem","position":1,"name":"Home","item":"https:\/\/www.marelli.com.br\/blog\/"},{"@type":"ListItem","position":2,"name":"Ecossistema de trabalho: uma abordagem h\u00edbrida"}]},{"@type":"Person","@id":"https:\/\/www.marelli.com.br\/blog\/#\/schema\/person\/68a06758b0b82748917625b1dbaed889","name":"Marelli","image":{"@type":"ImageObject","inLanguage":"pt-BR","@id":"https:\/\/www.marelli.com.br\/blog\/#\/schema\/person\/image\/","url":"https:\/\/secure.gravatar.com\/avatar\/16d846803e6884dc49d44a8eac4a8ea9?s=96&d=mm&r=g","contentUrl":"https:\/\/secure.gravatar.com\/avatar\/16d846803e6884dc49d44a8eac4a8ea9?s=96&d=mm&r=g","caption":"Marelli"}}]}},"_links":{"self":[{"href":"https:\/\/www.marelli.com.br\/blog\/wp-json\/wp\/v2\/posts\/2814"}],"collection":[{"href":"https:\/\/www.marelli.com.br\/blog\/wp-json\/wp\/v2\/posts"}],"about":[{"href":"https:\/\/www.marelli.com.br\/blog\/wp-json\/wp\/v2\/types\/post"}],"author":[{"embeddable":true,"href":"https:\/\/www.marelli.com.br\/blog\/wp-json\/wp\/v2\/users\/2"}],"replies":[{"embeddable":true,"href":"https:\/\/www.marelli.com.br\/blog\/wp-json\/wp\/v2\/comments?post=2814"}],"version-history":[{"count":9,"href":"https:\/\/www.marelli.com.br\/blog\/wp-json\/wp\/v2\/posts\/2814\/revisions"}],"predecessor-version":[{"id":3432,"href":"https:\/\/www.marelli.com.br\/blog\/wp-json\/wp\/v2\/posts\/2814\/revisions\/3432"}],"wp:featuredmedia":[{"embeddable":true,"href":"https:\/\/www.marelli.com.br\/blog\/wp-json\/wp\/v2\/media\/2816"}],"wp:attachment":[{"href":"https:\/\/www.marelli.com.br\/blog\/wp-json\/wp\/v2\/media?parent=2814"}],"wp:term":[{"taxonomy":"category","embeddable":true,"href":"https:\/\/www.marelli.com.br\/blog\/wp-json\/wp\/v2\/categories?post=2814"},{"taxonomy":"post_tag","embeddable":true,"href":"https:\/\/www.marelli.com.br\/blog\/wp-json\/wp\/v2\/tags?post=2814"}],"curies":[{"name":"wp","href":"https:\/\/api.w.org\/{rel}","templated":true}]}}