{"id":3182,"date":"2023-11-01T10:41:58","date_gmt":"2023-11-01T13:41:58","guid":{"rendered":"https:\/\/www.marelli.com.br\/blog\/?p=3182"},"modified":"2024-07-14T16:53:12","modified_gmt":"2024-07-14T19:53:12","slug":"reconhecimento-de-pessoas-para-pessoas","status":"publish","type":"post","link":"https:\/\/www.marelli.com.br\/blog\/reconhecimento-de-pessoas-para-pessoas\/","title":{"rendered":"Reconhecimento de pessoas para pessoas"},"content":{"rendered":"\n<p>Quando falamos de Gest\u00e3o de Pessoas na <a href=\"https:\/\/www.marelli.com.br\/\">Marelli<\/a>, estamos falando do nosso DNA, da nossa ess\u00eancia. Nossa organiza\u00e7\u00e3o possui uma cultura forte, na qual quem est\u00e1 conosco \u00e9 a nossa alavanca norteadora e a nossa ambi\u00e7\u00e3o \u00e9 valorizar os seus talentos e a sua diversidade.<\/p>\n\n\n\n<p>Acreditamos que as pessoas s\u00e3o um pilar fundamental para o sucesso da nossa organiza\u00e7\u00e3o, afinal, s\u00e3o elas que tornam tudo poss\u00edvel. Assim, todas as nossas estrat\u00e9gias de neg\u00f3cio, produtos e servi\u00e7os possuem clientes, profissionais, fornecedores, acionistas e parceiros no seu centro. O resultado de todo esse nosso cuidado \u00e9 vis\u00edvel atrav\u00e9s de in\u00fameras pr\u00e1ticas que impactam de forma positiva nossos profissionais e organiza\u00e7\u00e3o como um todo, como veremos a seguir.<\/p>\n\n\n\n<figure class=\"wp-block-image size-full\"><img loading=\"lazy\" width=\"750\" height=\"500\" src=\"https:\/\/www.marelli.com.br\/blog\/wp-content\/uploads\/2023\/11\/Imagem-01.png\" alt=\"\" class=\"wp-image-3183\" srcset=\"https:\/\/www.marelli.com.br\/blog\/wp-content\/uploads\/2023\/11\/Imagem-01.png 750w, https:\/\/www.marelli.com.br\/blog\/wp-content\/uploads\/2023\/11\/Imagem-01-300x200.png 300w, https:\/\/www.marelli.com.br\/blog\/wp-content\/uploads\/2023\/11\/Imagem-01-370x247.png 370w, https:\/\/www.marelli.com.br\/blog\/wp-content\/uploads\/2023\/11\/Imagem-01-470x313.png 470w, https:\/\/www.marelli.com.br\/blog\/wp-content\/uploads\/2023\/11\/Imagem-01-700x467.png 700w\" sizes=\"(max-width: 750px) 100vw, 750px\" \/><\/figure>\n\n\n\n<h3>Alinhamento com a estrat\u00e9gia, valores e princ\u00edpios<\/h3>\n\n\n\n<p>Direcionados pela estrat\u00e9gia organizacional, buscamos assegurar que nossos profissionais estejam alinhados com os objetivos estrat\u00e9gicos da organiza\u00e7\u00e3o. Prezamos por uma comunica\u00e7\u00e3o assertiva, clara e direta em todos os n\u00edveis. Esse alinhamento \u00e9 sustentado pela nossa pr\u00e1tica de Comunica\u00e7\u00e3o Interna. Como exemplo de pr\u00e1ticas de sucesso, temos as nossas reuni\u00f5es mensais de resultados com todos os nossos profissionais, o caf\u00e9 com o Presidente, realizado de forma peri\u00f3dica, e o canal de comunicados que atende todos os profissionais da Marelli (tanto os que atuam nas \u00e1reas industriais e nas \u00e1reas administrativas, quanto os que atuam em outras cidades e n\u00e3o est\u00e3o no dia a dia na nossa matriz). Podemos dizer que todos recebem a mesma informa\u00e7\u00e3o, praticamente ao mesmo tempo.<\/p>\n\n\n\n<h3>Engajamento<\/h3>\n\n\n\n<p>Levamos a s\u00e9rio o nosso slogan \u201cO ambiente motiva\u201d, pois acreditamos que devemos viver esse ambiente motivador primeiro na nossa estrutura, para podermos com seguran\u00e7a e conforto, tamb\u00e9m entregar isso aos nossos clientes. Portanto, adotamos diversas pol\u00edticas e pr\u00e1ticas que buscam o engajamento e motiva\u00e7\u00e3o do nosso time. Pol\u00edticas de Desenvolvimento Humano e Organizacional norteiam as a\u00e7\u00f5es desse objetivo.<\/p>\n\n\n\n<h3>Trilha de Carreiras<\/h3>\n\n\n\n<p>Entendemos que investir no desenvolvimento das habilidades dos nossos profissionais \u00e9 fundamental para o sucesso na gest\u00e3o das equipes. Hoje, possu\u00edmos uma Trilha de Carreiras, com o qual os profissionais podem visualizar as oportunidades de movimenta\u00e7\u00e3o dentro da organiza\u00e7\u00e3o, percebendo onde est\u00e3o, onde podem chegar e o que precisam fazer para chegar l\u00e1. Para contribuir ainda mais com esse desenvolvimento, possu\u00edmos pol\u00edticas de remunera\u00e7\u00e3o, avalia\u00e7\u00e3o de desempenho e pol\u00edticas de incentivo \u00e0 educa\u00e7\u00e3o. Dessa forma, preparamos e desenvolvemos a capacidade das nossas equipes para que atinjam suas pr\u00f3prias metas e contribuam com o futuro da empresa.<\/p>\n\n\n\n<figure class=\"wp-block-image size-full\"><img loading=\"lazy\" width=\"750\" height=\"500\" src=\"https:\/\/www.marelli.com.br\/blog\/wp-content\/uploads\/2023\/11\/Imagem-02.png\" alt=\"\" class=\"wp-image-3184\" srcset=\"https:\/\/www.marelli.com.br\/blog\/wp-content\/uploads\/2023\/11\/Imagem-02.png 750w, https:\/\/www.marelli.com.br\/blog\/wp-content\/uploads\/2023\/11\/Imagem-02-300x200.png 300w, https:\/\/www.marelli.com.br\/blog\/wp-content\/uploads\/2023\/11\/Imagem-02-370x247.png 370w, https:\/\/www.marelli.com.br\/blog\/wp-content\/uploads\/2023\/11\/Imagem-02-470x313.png 470w, https:\/\/www.marelli.com.br\/blog\/wp-content\/uploads\/2023\/11\/Imagem-02-700x467.png 700w\" sizes=\"(max-width: 750px) 100vw, 750px\" \/><\/figure>\n\n\n\n<h3>Gest\u00e3o de Talentos, Diversidade e Inova\u00e7\u00e3o<\/h3>\n\n\n\n<p>Nesse aspecto, temos ci\u00eancia de que precisamos garantir a sustentabilidade do neg\u00f3cio. A gest\u00e3o eficaz contribui para um ambiente de trabalho saud\u00e1vel, que, por consequ\u00eancia, faz com que nossos profissionais se sintam envolvidos, pertencentes e reconhecidos. Sabemos que isso proporciona um ambiente de incentivo e valoriza\u00e7\u00e3o de novas ideias. Como exemplo, possu\u00edmos o PIM \u2013 Programa de Ideias Marelli e os Projetos Transversais, no qual todos os nossos profissionais possuem oportunidades de n\u00e3o s\u00f3 dar a ideia, como tamb\u00e9m participar do planejamento e implanta\u00e7\u00e3o.<\/p>\n\n\n\n<h3>Clima Organizacional<\/h3>\n\n\n\n<p>Temos como pr\u00e1tica realizar de forma peri\u00f3dica a nossa Pesquisa de Clima. A todo instante buscamos evoluir nosso ambiente de trabalho para que seja um local saud\u00e1vel, onde as pessoas se sintam respeitadas na sua pluralidade, onde a comunica\u00e7\u00e3o seja transparente e onde os conflitos possam ser resolvidos de forma construtiva. Temos um Comit\u00ea e Canal de \u00c9tica atuante na nossa organiza\u00e7\u00e3o, com treinamentos constantes, permitindo que qualquer quest\u00e3o possa vir \u00e0 tona e garantindo o total sigilo e acolhimento de quem busca apoio. Quando necess\u00e1rio, realizamos escutas individuais ou em grupos para entendermos melhor as demandas.<\/p>\n\n\n\n<h3>Lideran\u00e7a<\/h3>\n\n\n\n<p>A lideran\u00e7a \u00e9 o principal elo das pr\u00e1ticas de gest\u00e3o de pessoas com a equipe. Aqui na Marelli, temos a certeza de que s\u00f3 teremos um resultado positivo por meio de um time de gest\u00e3o engajado. Dessa forma, os l\u00edderes n\u00e3o s\u00f3 gerenciam as demandas do dia a dia, mas, principalmente, capacitam e inspiram nossos profissionais a alcan\u00e7arem seu potencial. Para isso, constantemente, desenvolvemos nossos l\u00edderes nos diversos assuntos relacionados e pertinentes \u00e0 gest\u00e3o de pessoas.<\/p>\n\n\n\n<h3>Sa\u00fade e Seguran\u00e7a <\/h3>\n\n\n\n<p>Nada do que fizermos far\u00e1 sentido se n\u00e3o garantirmos um ambiente saud\u00e1vel e seguro aos nossos profissionais. Quando temos na nossa estrat\u00e9gia a prioriza\u00e7\u00e3o da sa\u00fade e seguran\u00e7a, estamos contribuindo com o bem-estar dos nossos profissionais, proporcionando um ambiente de trabalho produtivo, \u00e9tico e sustent\u00e1vel. Com muito orgulho, podemos evidenciar que n\u00e3o temos nenhuma opera\u00e7\u00e3o insalubre nas nossas atividades e possu\u00edmos a certifica\u00e7\u00e3o ISO \u2013 45001, a qual det\u00e9m a abordagem espec\u00edfica de sa\u00fade e seguran\u00e7a.<\/p>\n\n\n\n<figure class=\"wp-block-image size-full\"><img loading=\"lazy\" width=\"750\" height=\"500\" src=\"https:\/\/www.marelli.com.br\/blog\/wp-content\/uploads\/2023\/11\/Imagem-03.png\" alt=\"\" class=\"wp-image-3185\" srcset=\"https:\/\/www.marelli.com.br\/blog\/wp-content\/uploads\/2023\/11\/Imagem-03.png 750w, https:\/\/www.marelli.com.br\/blog\/wp-content\/uploads\/2023\/11\/Imagem-03-300x200.png 300w, https:\/\/www.marelli.com.br\/blog\/wp-content\/uploads\/2023\/11\/Imagem-03-370x247.png 370w, https:\/\/www.marelli.com.br\/blog\/wp-content\/uploads\/2023\/11\/Imagem-03-470x313.png 470w, https:\/\/www.marelli.com.br\/blog\/wp-content\/uploads\/2023\/11\/Imagem-03-700x467.png 700w\" sizes=\"(max-width: 750px) 100vw, 750px\" \/><\/figure>\n\n\n\n<p>Diante do exposto, buscamos sempre ter um olhar diferenciado para a gest\u00e3o de pessoas, visto que ela representa um pilar fundamental no sucesso da nossa empresa. Profissionais engajados e com senso de pertencimento s\u00e3o mais comprometidos com os objetivos da organiza\u00e7\u00e3o. Todo o investimento que realizamos na nossa equipe \u00e9 parte da busca de sucesso em um ambiente de neg\u00f3cio cada vez mais competitivo, global e em constante transforma\u00e7\u00f5es. Temos sempre claro que a organiza\u00e7\u00e3o ser\u00e1 do tamanho das pessoas que ela integra, por isso, cuidar de todos \u00e9 essencial para o crescimento e longevidade da organiza\u00e7\u00e3o.<\/p>\n\n\n\n<h3>Sobre o autor<\/h3>\n\n\n\n<p>F\u00e1bio Basso \u00e9 gerente de RH e SSO da Marelli.<\/p>\n","protected":false},"excerpt":{"rendered":"<p>Quando falamos de Gest\u00e3o de Pessoas na Marelli, estamos falando do nosso DNA, da nossa ess\u00eancia. Nossa organiza\u00e7\u00e3o possui uma cultura forte, na qual quem est\u00e1 conosco \u00e9 a nossa alavanca norteadora e a nossa ambi\u00e7\u00e3o \u00e9 valorizar&hellip;<\/p>\n","protected":false},"author":2,"featured_media":3186,"comment_status":"closed","ping_status":"open","sticky":false,"template":"","format":"standard","meta":[],"categories":[64],"tags":[],"yoast_head":"<!-- This site is optimized with the Yoast SEO plugin v19.1 - https:\/\/yoast.com\/wordpress\/plugins\/seo\/ -->\n<title>Reconhecimento de pessoas para pessoas - Marelli Blog<\/title>\n<meta name=\"description\" content=\"Acreditamos que as pessoas s\u00e3o fundamentais para o sucesso da organiza\u00e7\u00e3o. Veja as pr\u00e1ticas que criamos para valorizar nossos profissionais!\" \/>\n<meta name=\"robots\" content=\"index, follow, max-snippet:-1, max-image-preview:large, max-video-preview:-1\" \/>\n<link rel=\"canonical\" href=\"https:\/\/www.marelli.com.br\/blog\/reconhecimento-de-pessoas-para-pessoas\/\" \/>\n<meta property=\"og:locale\" content=\"pt_BR\" \/>\n<meta property=\"og:type\" content=\"article\" \/>\n<meta property=\"og:title\" content=\"Reconhecimento de pessoas para pessoas - Marelli Blog\" \/>\n<meta property=\"og:description\" content=\"Acreditamos que as pessoas s\u00e3o fundamentais para o sucesso da organiza\u00e7\u00e3o. Veja as pr\u00e1ticas que criamos para valorizar nossos profissionais!\" \/>\n<meta property=\"og:url\" content=\"https:\/\/www.marelli.com.br\/blog\/reconhecimento-de-pessoas-para-pessoas\/\" \/>\n<meta property=\"og:site_name\" content=\"Marelli Blog\" \/>\n<meta property=\"article:published_time\" content=\"2023-11-01T13:41:58+00:00\" \/>\n<meta property=\"article:modified_time\" content=\"2024-07-14T19:53:12+00:00\" \/>\n<meta property=\"og:image\" content=\"https:\/\/www.marelli.com.br\/blog\/wp-content\/uploads\/2023\/11\/Imagem-para-banner.png\" \/>\n\t<meta property=\"og:image:width\" content=\"1856\" \/>\n\t<meta property=\"og:image:height\" content=\"350\" \/>\n\t<meta property=\"og:image:type\" content=\"image\/png\" \/>\n<meta name=\"twitter:card\" content=\"summary_large_image\" \/>\n<meta name=\"twitter:label1\" content=\"Written by\" \/>\n\t<meta name=\"twitter:data1\" content=\"Marelli\" \/>\n\t<meta name=\"twitter:label2\" content=\"Est. reading time\" \/>\n\t<meta name=\"twitter:data2\" content=\"6 minutos\" \/>\n<script type=\"application\/ld+json\" class=\"yoast-schema-graph\">{\"@context\":\"https:\/\/schema.org\",\"@graph\":[{\"@type\":\"WebSite\",\"@id\":\"https:\/\/www.marelli.com.br\/blog\/#website\",\"url\":\"https:\/\/www.marelli.com.br\/blog\/\",\"name\":\"Marelli Blog\",\"description\":\"\",\"potentialAction\":[{\"@type\":\"SearchAction\",\"target\":{\"@type\":\"EntryPoint\",\"urlTemplate\":\"https:\/\/www.marelli.com.br\/blog\/?s={search_term_string}\"},\"query-input\":\"required name=search_term_string\"}],\"inLanguage\":\"pt-BR\"},{\"@type\":\"ImageObject\",\"inLanguage\":\"pt-BR\",\"@id\":\"https:\/\/www.marelli.com.br\/blog\/reconhecimento-de-pessoas-para-pessoas\/#primaryimage\",\"url\":\"https:\/\/www.marelli.com.br\/blog\/wp-content\/uploads\/2023\/11\/Imagem-para-banner.png\",\"contentUrl\":\"https:\/\/www.marelli.com.br\/blog\/wp-content\/uploads\/2023\/11\/Imagem-para-banner.png\",\"width\":1856,\"height\":350},{\"@type\":\"WebPage\",\"@id\":\"https:\/\/www.marelli.com.br\/blog\/reconhecimento-de-pessoas-para-pessoas\/#webpage\",\"url\":\"https:\/\/www.marelli.com.br\/blog\/reconhecimento-de-pessoas-para-pessoas\/\",\"name\":\"Reconhecimento de pessoas para pessoas - Marelli Blog\",\"isPartOf\":{\"@id\":\"https:\/\/www.marelli.com.br\/blog\/#website\"},\"primaryImageOfPage\":{\"@id\":\"https:\/\/www.marelli.com.br\/blog\/reconhecimento-de-pessoas-para-pessoas\/#primaryimage\"},\"datePublished\":\"2023-11-01T13:41:58+00:00\",\"dateModified\":\"2024-07-14T19:53:12+00:00\",\"author\":{\"@id\":\"https:\/\/www.marelli.com.br\/blog\/#\/schema\/person\/68a06758b0b82748917625b1dbaed889\"},\"description\":\"Acreditamos que as pessoas s\u00e3o fundamentais para o sucesso da organiza\u00e7\u00e3o. Veja as pr\u00e1ticas que criamos para valorizar nossos profissionais!\",\"breadcrumb\":{\"@id\":\"https:\/\/www.marelli.com.br\/blog\/reconhecimento-de-pessoas-para-pessoas\/#breadcrumb\"},\"inLanguage\":\"pt-BR\",\"potentialAction\":[{\"@type\":\"ReadAction\",\"target\":[\"https:\/\/www.marelli.com.br\/blog\/reconhecimento-de-pessoas-para-pessoas\/\"]}]},{\"@type\":\"BreadcrumbList\",\"@id\":\"https:\/\/www.marelli.com.br\/blog\/reconhecimento-de-pessoas-para-pessoas\/#breadcrumb\",\"itemListElement\":[{\"@type\":\"ListItem\",\"position\":1,\"name\":\"Home\",\"item\":\"https:\/\/www.marelli.com.br\/blog\/\"},{\"@type\":\"ListItem\",\"position\":2,\"name\":\"Reconhecimento de pessoas para pessoas\"}]},{\"@type\":\"Person\",\"@id\":\"https:\/\/www.marelli.com.br\/blog\/#\/schema\/person\/68a06758b0b82748917625b1dbaed889\",\"name\":\"Marelli\",\"image\":{\"@type\":\"ImageObject\",\"inLanguage\":\"pt-BR\",\"@id\":\"https:\/\/www.marelli.com.br\/blog\/#\/schema\/person\/image\/\",\"url\":\"https:\/\/secure.gravatar.com\/avatar\/16d846803e6884dc49d44a8eac4a8ea9?s=96&d=mm&r=g\",\"contentUrl\":\"https:\/\/secure.gravatar.com\/avatar\/16d846803e6884dc49d44a8eac4a8ea9?s=96&d=mm&r=g\",\"caption\":\"Marelli\"}}]}<\/script>\n<!-- \/ Yoast SEO plugin. -->","yoast_head_json":{"title":"Reconhecimento de pessoas para pessoas - Marelli Blog","description":"Acreditamos que as pessoas s\u00e3o fundamentais para o sucesso da organiza\u00e7\u00e3o. Veja as pr\u00e1ticas que criamos para valorizar nossos profissionais!","robots":{"index":"index","follow":"follow","max-snippet":"max-snippet:-1","max-image-preview":"max-image-preview:large","max-video-preview":"max-video-preview:-1"},"canonical":"https:\/\/www.marelli.com.br\/blog\/reconhecimento-de-pessoas-para-pessoas\/","og_locale":"pt_BR","og_type":"article","og_title":"Reconhecimento de pessoas para pessoas - Marelli Blog","og_description":"Acreditamos que as pessoas s\u00e3o fundamentais para o sucesso da organiza\u00e7\u00e3o. Veja as pr\u00e1ticas que criamos para valorizar nossos profissionais!","og_url":"https:\/\/www.marelli.com.br\/blog\/reconhecimento-de-pessoas-para-pessoas\/","og_site_name":"Marelli Blog","article_published_time":"2023-11-01T13:41:58+00:00","article_modified_time":"2024-07-14T19:53:12+00:00","og_image":[{"width":1856,"height":350,"url":"https:\/\/www.marelli.com.br\/blog\/wp-content\/uploads\/2023\/11\/Imagem-para-banner.png","type":"image\/png"}],"twitter_card":"summary_large_image","twitter_misc":{"Written by":"Marelli","Est. reading time":"6 minutos"},"schema":{"@context":"https:\/\/schema.org","@graph":[{"@type":"WebSite","@id":"https:\/\/www.marelli.com.br\/blog\/#website","url":"https:\/\/www.marelli.com.br\/blog\/","name":"Marelli Blog","description":"","potentialAction":[{"@type":"SearchAction","target":{"@type":"EntryPoint","urlTemplate":"https:\/\/www.marelli.com.br\/blog\/?s={search_term_string}"},"query-input":"required name=search_term_string"}],"inLanguage":"pt-BR"},{"@type":"ImageObject","inLanguage":"pt-BR","@id":"https:\/\/www.marelli.com.br\/blog\/reconhecimento-de-pessoas-para-pessoas\/#primaryimage","url":"https:\/\/www.marelli.com.br\/blog\/wp-content\/uploads\/2023\/11\/Imagem-para-banner.png","contentUrl":"https:\/\/www.marelli.com.br\/blog\/wp-content\/uploads\/2023\/11\/Imagem-para-banner.png","width":1856,"height":350},{"@type":"WebPage","@id":"https:\/\/www.marelli.com.br\/blog\/reconhecimento-de-pessoas-para-pessoas\/#webpage","url":"https:\/\/www.marelli.com.br\/blog\/reconhecimento-de-pessoas-para-pessoas\/","name":"Reconhecimento de pessoas para pessoas - Marelli Blog","isPartOf":{"@id":"https:\/\/www.marelli.com.br\/blog\/#website"},"primaryImageOfPage":{"@id":"https:\/\/www.marelli.com.br\/blog\/reconhecimento-de-pessoas-para-pessoas\/#primaryimage"},"datePublished":"2023-11-01T13:41:58+00:00","dateModified":"2024-07-14T19:53:12+00:00","author":{"@id":"https:\/\/www.marelli.com.br\/blog\/#\/schema\/person\/68a06758b0b82748917625b1dbaed889"},"description":"Acreditamos que as pessoas s\u00e3o fundamentais para o sucesso da organiza\u00e7\u00e3o. Veja as pr\u00e1ticas que criamos para valorizar nossos profissionais!","breadcrumb":{"@id":"https:\/\/www.marelli.com.br\/blog\/reconhecimento-de-pessoas-para-pessoas\/#breadcrumb"},"inLanguage":"pt-BR","potentialAction":[{"@type":"ReadAction","target":["https:\/\/www.marelli.com.br\/blog\/reconhecimento-de-pessoas-para-pessoas\/"]}]},{"@type":"BreadcrumbList","@id":"https:\/\/www.marelli.com.br\/blog\/reconhecimento-de-pessoas-para-pessoas\/#breadcrumb","itemListElement":[{"@type":"ListItem","position":1,"name":"Home","item":"https:\/\/www.marelli.com.br\/blog\/"},{"@type":"ListItem","position":2,"name":"Reconhecimento de pessoas para pessoas"}]},{"@type":"Person","@id":"https:\/\/www.marelli.com.br\/blog\/#\/schema\/person\/68a06758b0b82748917625b1dbaed889","name":"Marelli","image":{"@type":"ImageObject","inLanguage":"pt-BR","@id":"https:\/\/www.marelli.com.br\/blog\/#\/schema\/person\/image\/","url":"https:\/\/secure.gravatar.com\/avatar\/16d846803e6884dc49d44a8eac4a8ea9?s=96&d=mm&r=g","contentUrl":"https:\/\/secure.gravatar.com\/avatar\/16d846803e6884dc49d44a8eac4a8ea9?s=96&d=mm&r=g","caption":"Marelli"}}]}},"_links":{"self":[{"href":"https:\/\/www.marelli.com.br\/blog\/wp-json\/wp\/v2\/posts\/3182"}],"collection":[{"href":"https:\/\/www.marelli.com.br\/blog\/wp-json\/wp\/v2\/posts"}],"about":[{"href":"https:\/\/www.marelli.com.br\/blog\/wp-json\/wp\/v2\/types\/post"}],"author":[{"embeddable":true,"href":"https:\/\/www.marelli.com.br\/blog\/wp-json\/wp\/v2\/users\/2"}],"replies":[{"embeddable":true,"href":"https:\/\/www.marelli.com.br\/blog\/wp-json\/wp\/v2\/comments?post=3182"}],"version-history":[{"count":2,"href":"https:\/\/www.marelli.com.br\/blog\/wp-json\/wp\/v2\/posts\/3182\/revisions"}],"predecessor-version":[{"id":3345,"href":"https:\/\/www.marelli.com.br\/blog\/wp-json\/wp\/v2\/posts\/3182\/revisions\/3345"}],"wp:featuredmedia":[{"embeddable":true,"href":"https:\/\/www.marelli.com.br\/blog\/wp-json\/wp\/v2\/media\/3186"}],"wp:attachment":[{"href":"https:\/\/www.marelli.com.br\/blog\/wp-json\/wp\/v2\/media?parent=3182"}],"wp:term":[{"taxonomy":"category","embeddable":true,"href":"https:\/\/www.marelli.com.br\/blog\/wp-json\/wp\/v2\/categories?post=3182"},{"taxonomy":"post_tag","embeddable":true,"href":"https:\/\/www.marelli.com.br\/blog\/wp-json\/wp\/v2\/tags?post=3182"}],"curies":[{"name":"wp","href":"https:\/\/api.w.org\/{rel}","templated":true}]}}