{"id":3191,"date":"2023-11-22T09:02:02","date_gmt":"2023-11-22T12:02:02","guid":{"rendered":"https:\/\/www.marelli.com.br\/blog\/?p=3191"},"modified":"2023-11-27T15:13:29","modified_gmt":"2023-11-27T18:13:29","slug":"o-que-nos-motiva-hoje-e-nos-faz-pensar-no-amanha","status":"publish","type":"post","link":"https:\/\/www.marelli.com.br\/blog\/o-que-nos-motiva-hoje-e-nos-faz-pensar-no-amanha\/","title":{"rendered":"O que nos motiva hoje e nos faz pensar no amanh\u00e3?"},"content":{"rendered":"\n<figure class=\"wp-block-image size-full\"><img loading=\"lazy\" width=\"750\" height=\"500\" src=\"https:\/\/www.marelli.com.br\/blog\/wp-content\/uploads\/2023\/11\/Interna-Equipe.png\" alt=\"\" class=\"wp-image-3194\" srcset=\"https:\/\/www.marelli.com.br\/blog\/wp-content\/uploads\/2023\/11\/Interna-Equipe.png 750w, https:\/\/www.marelli.com.br\/blog\/wp-content\/uploads\/2023\/11\/Interna-Equipe-300x200.png 300w, https:\/\/www.marelli.com.br\/blog\/wp-content\/uploads\/2023\/11\/Interna-Equipe-370x247.png 370w, https:\/\/www.marelli.com.br\/blog\/wp-content\/uploads\/2023\/11\/Interna-Equipe-470x313.png 470w, https:\/\/www.marelli.com.br\/blog\/wp-content\/uploads\/2023\/11\/Interna-Equipe-700x467.png 700w\" sizes=\"(max-width: 750px) 100vw, 750px\" \/><\/figure>\n\n\n\n<p>Criar ambientes motivadores n\u00e3o \u00e9 tarefa f\u00e1cil. Exige expertise, afei\u00e7\u00e3o e vontade de sempre fazer o melhor para as pessoas. O que nos motiva, portanto, \u00e9 pensar no <strong>bem-estar coletivo<\/strong>. \u00c9 nos colocar no lugar de quem utiliza o nosso mobili\u00e1rio corporativo, mas tamb\u00e9m de quem o cria e de toda a cadeia de pessoas impactada pelo processo de produ\u00e7\u00e3o. \u00c9 proporcionar inspira\u00e7\u00e3o e experi\u00eancias \u00fanicas atrav\u00e9s dos nossas solu\u00e7\u00f5es.<\/p>\n\n\n\n<p><strong>Daniel Dias<\/strong>, Gerente de Marketing da <a href=\"https:\/\/www.marelli.com.br\">Marelli<\/a>, afirma ainda que:<\/p>\n\n\n\n<figure class=\"wp-block-image size-full\"><img loading=\"lazy\" width=\"750\" height=\"500\" src=\"https:\/\/www.marelli.com.br\/blog\/wp-content\/uploads\/2023\/11\/Interna-Dias.png\" alt=\"\" class=\"wp-image-3193\" srcset=\"https:\/\/www.marelli.com.br\/blog\/wp-content\/uploads\/2023\/11\/Interna-Dias.png 750w, https:\/\/www.marelli.com.br\/blog\/wp-content\/uploads\/2023\/11\/Interna-Dias-300x200.png 300w, https:\/\/www.marelli.com.br\/blog\/wp-content\/uploads\/2023\/11\/Interna-Dias-370x247.png 370w, https:\/\/www.marelli.com.br\/blog\/wp-content\/uploads\/2023\/11\/Interna-Dias-470x313.png 470w, https:\/\/www.marelli.com.br\/blog\/wp-content\/uploads\/2023\/11\/Interna-Dias-700x467.png 700w\" sizes=\"(max-width: 750px) 100vw, 750px\" \/><\/figure>\n\n\n\n<p>Conforme <strong>Carolina Radel<\/strong>, nossa Gerente Cont\u00e1bil Financeiro:<\/p>\n\n\n\n<figure class=\"wp-block-image size-full\"><img loading=\"lazy\" width=\"750\" height=\"500\" src=\"https:\/\/www.marelli.com.br\/blog\/wp-content\/uploads\/2023\/11\/Depoimento-Carolina-2.png\" alt=\"\" class=\"wp-image-3212\" srcset=\"https:\/\/www.marelli.com.br\/blog\/wp-content\/uploads\/2023\/11\/Depoimento-Carolina-2.png 750w, https:\/\/www.marelli.com.br\/blog\/wp-content\/uploads\/2023\/11\/Depoimento-Carolina-2-300x200.png 300w, https:\/\/www.marelli.com.br\/blog\/wp-content\/uploads\/2023\/11\/Depoimento-Carolina-2-370x247.png 370w, https:\/\/www.marelli.com.br\/blog\/wp-content\/uploads\/2023\/11\/Depoimento-Carolina-2-470x313.png 470w, https:\/\/www.marelli.com.br\/blog\/wp-content\/uploads\/2023\/11\/Depoimento-Carolina-2-700x467.png 700w\" sizes=\"(max-width: 750px) 100vw, 750px\" \/><\/figure>\n\n\n\n<p>Esse est\u00edmulo e conscientiza\u00e7\u00e3o partem desde os cargos de lideran\u00e7a. Os nossos l\u00edderes sentem o prop\u00f3sito da nossa empresa e colocam isso atrav\u00e9s de cada uma das suas a\u00e7\u00f5es. \u00c9 o que afirma o nosso Gerente de Supply Chain, <strong>Cleiton Vieira<\/strong>:<\/p>\n\n\n\n<figure class=\"wp-block-image size-full\"><img loading=\"lazy\" width=\"750\" height=\"500\" src=\"https:\/\/www.marelli.com.br\/blog\/wp-content\/uploads\/2023\/11\/image-2-1.png\" alt=\"\" class=\"wp-image-3200\" srcset=\"https:\/\/www.marelli.com.br\/blog\/wp-content\/uploads\/2023\/11\/image-2-1.png 750w, https:\/\/www.marelli.com.br\/blog\/wp-content\/uploads\/2023\/11\/image-2-1-300x200.png 300w, https:\/\/www.marelli.com.br\/blog\/wp-content\/uploads\/2023\/11\/image-2-1-370x247.png 370w, https:\/\/www.marelli.com.br\/blog\/wp-content\/uploads\/2023\/11\/image-2-1-470x313.png 470w, https:\/\/www.marelli.com.br\/blog\/wp-content\/uploads\/2023\/11\/image-2-1-700x467.png 700w\" sizes=\"(max-width: 750px) 100vw, 750px\" \/><\/figure>\n\n\n\n<p>Portanto, mais do que cuidar de pessoas, nosso prop\u00f3sito \u00e9 criar valor para a comunidade e o meio ambiente. Assim, pautamos nossas a\u00e7\u00f5es atrav\u00e9s da <strong>ESG<\/strong>, sigla para Ambiental, Social e Governan\u00e7a. Sobre isso, <strong>Fernanda Rusch<\/strong>, nossa Gerente de Qualidade de Meio Ambiente, conta um pouco sobre como foi a nossa trajet\u00f3ria:<\/p>\n\n\n\n<figure class=\"wp-block-image size-full\"><a href=\"https:\/\/www.marelli.com.br\/blog\/relatorio-de-sustentabilidade-corporativa-2022\/\" target=\"_blank\" rel=\"noreferrer noopener\"><img loading=\"lazy\" width=\"750\" height=\"500\" src=\"https:\/\/www.marelli.com.br\/blog\/wp-content\/uploads\/2023\/11\/Depoimento-Fernanda-3.png\" alt=\"\" class=\"wp-image-3205\" srcset=\"https:\/\/www.marelli.com.br\/blog\/wp-content\/uploads\/2023\/11\/Depoimento-Fernanda-3.png 750w, https:\/\/www.marelli.com.br\/blog\/wp-content\/uploads\/2023\/11\/Depoimento-Fernanda-3-300x200.png 300w, https:\/\/www.marelli.com.br\/blog\/wp-content\/uploads\/2023\/11\/Depoimento-Fernanda-3-370x247.png 370w, https:\/\/www.marelli.com.br\/blog\/wp-content\/uploads\/2023\/11\/Depoimento-Fernanda-3-470x313.png 470w, https:\/\/www.marelli.com.br\/blog\/wp-content\/uploads\/2023\/11\/Depoimento-Fernanda-3-700x467.png 700w\" sizes=\"(max-width: 750px) 100vw, 750px\" \/><\/a><\/figure>\n\n\n\n<p>\u00c9 claro que, como almejamos evoluir cada vez mais, estamos sempre em busca de melhorias e inova\u00e7\u00f5es no \u00e2mbito da responsabilidade social e ambiental. \u00c9 o que afirma o nosso Gerente Industrial <strong>Saimon Debastiani<\/strong>:<\/p>\n\n\n\n<figure class=\"wp-block-image size-full\"><img loading=\"lazy\" width=\"750\" height=\"500\" src=\"https:\/\/www.marelli.com.br\/blog\/wp-content\/uploads\/2023\/11\/Depoimento-Saimon.png\" alt=\"\" class=\"wp-image-3213\" srcset=\"https:\/\/www.marelli.com.br\/blog\/wp-content\/uploads\/2023\/11\/Depoimento-Saimon.png 750w, https:\/\/www.marelli.com.br\/blog\/wp-content\/uploads\/2023\/11\/Depoimento-Saimon-300x200.png 300w, https:\/\/www.marelli.com.br\/blog\/wp-content\/uploads\/2023\/11\/Depoimento-Saimon-370x247.png 370w, https:\/\/www.marelli.com.br\/blog\/wp-content\/uploads\/2023\/11\/Depoimento-Saimon-470x313.png 470w, https:\/\/www.marelli.com.br\/blog\/wp-content\/uploads\/2023\/11\/Depoimento-Saimon-700x467.png 700w\" sizes=\"(max-width: 750px) 100vw, 750px\" \/><\/figure>\n\n\n\n<p>Ainda sobre o futuro, <strong>Camila Baraldi<\/strong>, nossa Gerente Comercial de Exporta\u00e7\u00e3o, apresenta a nossa vis\u00e3o de mercado e alguns planos para o amanh\u00e3:<\/p>\n\n\n\n<figure class=\"wp-block-image size-full\"><img loading=\"lazy\" width=\"750\" height=\"500\" src=\"https:\/\/www.marelli.com.br\/blog\/wp-content\/uploads\/2023\/11\/Depoimento-Camila-2.png\" alt=\"\" class=\"wp-image-3203\" srcset=\"https:\/\/www.marelli.com.br\/blog\/wp-content\/uploads\/2023\/11\/Depoimento-Camila-2.png 750w, https:\/\/www.marelli.com.br\/blog\/wp-content\/uploads\/2023\/11\/Depoimento-Camila-2-300x200.png 300w, https:\/\/www.marelli.com.br\/blog\/wp-content\/uploads\/2023\/11\/Depoimento-Camila-2-370x247.png 370w, https:\/\/www.marelli.com.br\/blog\/wp-content\/uploads\/2023\/11\/Depoimento-Camila-2-470x313.png 470w, https:\/\/www.marelli.com.br\/blog\/wp-content\/uploads\/2023\/11\/Depoimento-Camila-2-700x467.png 700w\" sizes=\"(max-width: 750px) 100vw, 750px\" \/><\/figure>\n\n\n\n<p>\u00c9 dessa forma que a\u00a0<a href=\"https:\/\/www.marelli.com.br\/quem-somos\/\">cultura\u00a0<strong>de pessoas para pessoas<\/strong><\/a>\u00a0se integra em\u00a0<a href=\"https:\/\/www.marelli.com.br\/blog\/marelli-de-pessoas-para-pessoas\/\">nosso DNA<\/a>\u00a0e impacta todas as nossas a\u00e7\u00f5es do presente e as nossas proje\u00e7\u00f5es para o futuro! Nossa busca incans\u00e1vel de conectar pr\u00e1ticas ben\u00e9ficas tanto para profissionais, quanto para a sociedade e o meio ambiente, \u00e9 o que nos motiva.<\/p>\n\n\n\n<p>Somos motivados por quem est\u00e1 conosco e pelo melhor da sociedade no amanh\u00e3!<\/p>\n\n\n\n<figure class=\"wp-block-image size-full\"><img loading=\"lazy\" width=\"750\" height=\"500\" src=\"https:\/\/www.marelli.com.br\/blog\/wp-content\/uploads\/2023\/11\/Interna-Marelli-Aerea.png\" alt=\"\" class=\"wp-image-3195\" srcset=\"https:\/\/www.marelli.com.br\/blog\/wp-content\/uploads\/2023\/11\/Interna-Marelli-Aerea.png 750w, https:\/\/www.marelli.com.br\/blog\/wp-content\/uploads\/2023\/11\/Interna-Marelli-Aerea-300x200.png 300w, https:\/\/www.marelli.com.br\/blog\/wp-content\/uploads\/2023\/11\/Interna-Marelli-Aerea-370x247.png 370w, https:\/\/www.marelli.com.br\/blog\/wp-content\/uploads\/2023\/11\/Interna-Marelli-Aerea-470x313.png 470w, https:\/\/www.marelli.com.br\/blog\/wp-content\/uploads\/2023\/11\/Interna-Marelli-Aerea-700x467.png 700w\" sizes=\"(max-width: 750px) 100vw, 750px\" \/><\/figure>\n","protected":false},"excerpt":{"rendered":"<p>Criar ambientes motivadores n\u00e3o \u00e9 tarefa f\u00e1cil. Exige expertise, afei\u00e7\u00e3o e vontade de sempre fazer o melhor para as pessoas. O que nos motiva, portanto, \u00e9 pensar no bem-estar coletivo. \u00c9 nos colocar no lugar de quem utiliza&hellip;<\/p>\n","protected":false},"author":2,"featured_media":3192,"comment_status":"closed","ping_status":"open","sticky":true,"template":"","format":"standard","meta":[],"categories":[64],"tags":[],"yoast_head":"<!-- This site is optimized with the Yoast SEO plugin v19.1 - https:\/\/yoast.com\/wordpress\/plugins\/seo\/ -->\n<title>O que nos motiva hoje e nos faz pensar no amanh\u00e3? - Marelli Blog<\/title>\n<meta name=\"description\" content=\"A cultura de pessoas para pessoas se integra em nosso DNA e impacta todas as nossas a\u00e7\u00f5es do presente e as nossas proje\u00e7\u00f5es para o futuro!\" \/>\n<meta name=\"robots\" content=\"index, follow, max-snippet:-1, max-image-preview:large, max-video-preview:-1\" \/>\n<link rel=\"canonical\" href=\"https:\/\/www.marelli.com.br\/blog\/o-que-nos-motiva-hoje-e-nos-faz-pensar-no-amanha\/\" \/>\n<meta property=\"og:locale\" content=\"pt_BR\" \/>\n<meta property=\"og:type\" content=\"article\" \/>\n<meta property=\"og:title\" content=\"O que nos motiva hoje e nos faz pensar no amanh\u00e3? - Marelli Blog\" \/>\n<meta property=\"og:description\" content=\"A cultura de pessoas para pessoas se integra em nosso DNA e impacta todas as nossas a\u00e7\u00f5es do presente e as nossas proje\u00e7\u00f5es para o futuro!\" \/>\n<meta property=\"og:url\" content=\"https:\/\/www.marelli.com.br\/blog\/o-que-nos-motiva-hoje-e-nos-faz-pensar-no-amanha\/\" \/>\n<meta property=\"og:site_name\" content=\"Marelli Blog\" \/>\n<meta property=\"article:published_time\" content=\"2023-11-22T12:02:02+00:00\" \/>\n<meta property=\"article:modified_time\" content=\"2023-11-27T18:13:29+00:00\" \/>\n<meta property=\"og:image\" content=\"https:\/\/www.marelli.com.br\/blog\/wp-content\/uploads\/2023\/11\/Banner-abertura.png\" \/>\n\t<meta property=\"og:image:width\" content=\"1856\" \/>\n\t<meta property=\"og:image:height\" content=\"350\" \/>\n\t<meta property=\"og:image:type\" content=\"image\/png\" \/>\n<meta name=\"twitter:card\" content=\"summary_large_image\" \/>\n<meta name=\"twitter:label1\" content=\"Written by\" \/>\n\t<meta name=\"twitter:data1\" content=\"Marelli\" \/>\n\t<meta name=\"twitter:label2\" content=\"Est. reading time\" \/>\n\t<meta name=\"twitter:data2\" content=\"4 minutos\" \/>\n<script type=\"application\/ld+json\" class=\"yoast-schema-graph\">{\"@context\":\"https:\/\/schema.org\",\"@graph\":[{\"@type\":\"WebSite\",\"@id\":\"https:\/\/www.marelli.com.br\/blog\/#website\",\"url\":\"https:\/\/www.marelli.com.br\/blog\/\",\"name\":\"Marelli Blog\",\"description\":\"\",\"potentialAction\":[{\"@type\":\"SearchAction\",\"target\":{\"@type\":\"EntryPoint\",\"urlTemplate\":\"https:\/\/www.marelli.com.br\/blog\/?s={search_term_string}\"},\"query-input\":\"required name=search_term_string\"}],\"inLanguage\":\"pt-BR\"},{\"@type\":\"ImageObject\",\"inLanguage\":\"pt-BR\",\"@id\":\"https:\/\/www.marelli.com.br\/blog\/o-que-nos-motiva-hoje-e-nos-faz-pensar-no-amanha\/#primaryimage\",\"url\":\"https:\/\/www.marelli.com.br\/blog\/wp-content\/uploads\/2023\/11\/Banner-abertura.png\",\"contentUrl\":\"https:\/\/www.marelli.com.br\/blog\/wp-content\/uploads\/2023\/11\/Banner-abertura.png\",\"width\":1856,\"height\":350},{\"@type\":\"WebPage\",\"@id\":\"https:\/\/www.marelli.com.br\/blog\/o-que-nos-motiva-hoje-e-nos-faz-pensar-no-amanha\/#webpage\",\"url\":\"https:\/\/www.marelli.com.br\/blog\/o-que-nos-motiva-hoje-e-nos-faz-pensar-no-amanha\/\",\"name\":\"O que nos motiva hoje e nos faz pensar no amanh\u00e3? - Marelli Blog\",\"isPartOf\":{\"@id\":\"https:\/\/www.marelli.com.br\/blog\/#website\"},\"primaryImageOfPage\":{\"@id\":\"https:\/\/www.marelli.com.br\/blog\/o-que-nos-motiva-hoje-e-nos-faz-pensar-no-amanha\/#primaryimage\"},\"datePublished\":\"2023-11-22T12:02:02+00:00\",\"dateModified\":\"2023-11-27T18:13:29+00:00\",\"author\":{\"@id\":\"https:\/\/www.marelli.com.br\/blog\/#\/schema\/person\/68a06758b0b82748917625b1dbaed889\"},\"description\":\"A cultura de pessoas para pessoas se integra em nosso DNA e impacta todas as nossas a\u00e7\u00f5es do presente e as nossas proje\u00e7\u00f5es para o futuro!\",\"breadcrumb\":{\"@id\":\"https:\/\/www.marelli.com.br\/blog\/o-que-nos-motiva-hoje-e-nos-faz-pensar-no-amanha\/#breadcrumb\"},\"inLanguage\":\"pt-BR\",\"potentialAction\":[{\"@type\":\"ReadAction\",\"target\":[\"https:\/\/www.marelli.com.br\/blog\/o-que-nos-motiva-hoje-e-nos-faz-pensar-no-amanha\/\"]}]},{\"@type\":\"BreadcrumbList\",\"@id\":\"https:\/\/www.marelli.com.br\/blog\/o-que-nos-motiva-hoje-e-nos-faz-pensar-no-amanha\/#breadcrumb\",\"itemListElement\":[{\"@type\":\"ListItem\",\"position\":1,\"name\":\"Home\",\"item\":\"https:\/\/www.marelli.com.br\/blog\/\"},{\"@type\":\"ListItem\",\"position\":2,\"name\":\"O que nos motiva hoje e nos faz pensar no amanh\u00e3?\"}]},{\"@type\":\"Person\",\"@id\":\"https:\/\/www.marelli.com.br\/blog\/#\/schema\/person\/68a06758b0b82748917625b1dbaed889\",\"name\":\"Marelli\",\"image\":{\"@type\":\"ImageObject\",\"inLanguage\":\"pt-BR\",\"@id\":\"https:\/\/www.marelli.com.br\/blog\/#\/schema\/person\/image\/\",\"url\":\"https:\/\/secure.gravatar.com\/avatar\/16d846803e6884dc49d44a8eac4a8ea9?s=96&d=mm&r=g\",\"contentUrl\":\"https:\/\/secure.gravatar.com\/avatar\/16d846803e6884dc49d44a8eac4a8ea9?s=96&d=mm&r=g\",\"caption\":\"Marelli\"}}]}<\/script>\n<!-- \/ Yoast SEO plugin. -->","yoast_head_json":{"title":"O que nos motiva hoje e nos faz pensar no amanh\u00e3? - Marelli Blog","description":"A cultura de pessoas para pessoas se integra em nosso DNA e impacta todas as nossas a\u00e7\u00f5es do presente e as nossas proje\u00e7\u00f5es para o futuro!","robots":{"index":"index","follow":"follow","max-snippet":"max-snippet:-1","max-image-preview":"max-image-preview:large","max-video-preview":"max-video-preview:-1"},"canonical":"https:\/\/www.marelli.com.br\/blog\/o-que-nos-motiva-hoje-e-nos-faz-pensar-no-amanha\/","og_locale":"pt_BR","og_type":"article","og_title":"O que nos motiva hoje e nos faz pensar no amanh\u00e3? - Marelli Blog","og_description":"A cultura de pessoas para pessoas se integra em nosso DNA e impacta todas as nossas a\u00e7\u00f5es do presente e as nossas proje\u00e7\u00f5es para o futuro!","og_url":"https:\/\/www.marelli.com.br\/blog\/o-que-nos-motiva-hoje-e-nos-faz-pensar-no-amanha\/","og_site_name":"Marelli Blog","article_published_time":"2023-11-22T12:02:02+00:00","article_modified_time":"2023-11-27T18:13:29+00:00","og_image":[{"width":1856,"height":350,"url":"https:\/\/www.marelli.com.br\/blog\/wp-content\/uploads\/2023\/11\/Banner-abertura.png","type":"image\/png"}],"twitter_card":"summary_large_image","twitter_misc":{"Written by":"Marelli","Est. reading time":"4 minutos"},"schema":{"@context":"https:\/\/schema.org","@graph":[{"@type":"WebSite","@id":"https:\/\/www.marelli.com.br\/blog\/#website","url":"https:\/\/www.marelli.com.br\/blog\/","name":"Marelli Blog","description":"","potentialAction":[{"@type":"SearchAction","target":{"@type":"EntryPoint","urlTemplate":"https:\/\/www.marelli.com.br\/blog\/?s={search_term_string}"},"query-input":"required name=search_term_string"}],"inLanguage":"pt-BR"},{"@type":"ImageObject","inLanguage":"pt-BR","@id":"https:\/\/www.marelli.com.br\/blog\/o-que-nos-motiva-hoje-e-nos-faz-pensar-no-amanha\/#primaryimage","url":"https:\/\/www.marelli.com.br\/blog\/wp-content\/uploads\/2023\/11\/Banner-abertura.png","contentUrl":"https:\/\/www.marelli.com.br\/blog\/wp-content\/uploads\/2023\/11\/Banner-abertura.png","width":1856,"height":350},{"@type":"WebPage","@id":"https:\/\/www.marelli.com.br\/blog\/o-que-nos-motiva-hoje-e-nos-faz-pensar-no-amanha\/#webpage","url":"https:\/\/www.marelli.com.br\/blog\/o-que-nos-motiva-hoje-e-nos-faz-pensar-no-amanha\/","name":"O que nos motiva hoje e nos faz pensar no amanh\u00e3? - Marelli Blog","isPartOf":{"@id":"https:\/\/www.marelli.com.br\/blog\/#website"},"primaryImageOfPage":{"@id":"https:\/\/www.marelli.com.br\/blog\/o-que-nos-motiva-hoje-e-nos-faz-pensar-no-amanha\/#primaryimage"},"datePublished":"2023-11-22T12:02:02+00:00","dateModified":"2023-11-27T18:13:29+00:00","author":{"@id":"https:\/\/www.marelli.com.br\/blog\/#\/schema\/person\/68a06758b0b82748917625b1dbaed889"},"description":"A cultura de pessoas para pessoas se integra em nosso DNA e impacta todas as nossas a\u00e7\u00f5es do presente e as nossas proje\u00e7\u00f5es para o futuro!","breadcrumb":{"@id":"https:\/\/www.marelli.com.br\/blog\/o-que-nos-motiva-hoje-e-nos-faz-pensar-no-amanha\/#breadcrumb"},"inLanguage":"pt-BR","potentialAction":[{"@type":"ReadAction","target":["https:\/\/www.marelli.com.br\/blog\/o-que-nos-motiva-hoje-e-nos-faz-pensar-no-amanha\/"]}]},{"@type":"BreadcrumbList","@id":"https:\/\/www.marelli.com.br\/blog\/o-que-nos-motiva-hoje-e-nos-faz-pensar-no-amanha\/#breadcrumb","itemListElement":[{"@type":"ListItem","position":1,"name":"Home","item":"https:\/\/www.marelli.com.br\/blog\/"},{"@type":"ListItem","position":2,"name":"O que nos motiva hoje e nos faz pensar no amanh\u00e3?"}]},{"@type":"Person","@id":"https:\/\/www.marelli.com.br\/blog\/#\/schema\/person\/68a06758b0b82748917625b1dbaed889","name":"Marelli","image":{"@type":"ImageObject","inLanguage":"pt-BR","@id":"https:\/\/www.marelli.com.br\/blog\/#\/schema\/person\/image\/","url":"https:\/\/secure.gravatar.com\/avatar\/16d846803e6884dc49d44a8eac4a8ea9?s=96&d=mm&r=g","contentUrl":"https:\/\/secure.gravatar.com\/avatar\/16d846803e6884dc49d44a8eac4a8ea9?s=96&d=mm&r=g","caption":"Marelli"}}]}},"_links":{"self":[{"href":"https:\/\/www.marelli.com.br\/blog\/wp-json\/wp\/v2\/posts\/3191"}],"collection":[{"href":"https:\/\/www.marelli.com.br\/blog\/wp-json\/wp\/v2\/posts"}],"about":[{"href":"https:\/\/www.marelli.com.br\/blog\/wp-json\/wp\/v2\/types\/post"}],"author":[{"embeddable":true,"href":"https:\/\/www.marelli.com.br\/blog\/wp-json\/wp\/v2\/users\/2"}],"replies":[{"embeddable":true,"href":"https:\/\/www.marelli.com.br\/blog\/wp-json\/wp\/v2\/comments?post=3191"}],"version-history":[{"count":10,"href":"https:\/\/www.marelli.com.br\/blog\/wp-json\/wp\/v2\/posts\/3191\/revisions"}],"predecessor-version":[{"id":3217,"href":"https:\/\/www.marelli.com.br\/blog\/wp-json\/wp\/v2\/posts\/3191\/revisions\/3217"}],"wp:featuredmedia":[{"embeddable":true,"href":"https:\/\/www.marelli.com.br\/blog\/wp-json\/wp\/v2\/media\/3192"}],"wp:attachment":[{"href":"https:\/\/www.marelli.com.br\/blog\/wp-json\/wp\/v2\/media?parent=3191"}],"wp:term":[{"taxonomy":"category","embeddable":true,"href":"https:\/\/www.marelli.com.br\/blog\/wp-json\/wp\/v2\/categories?post=3191"},{"taxonomy":"post_tag","embeddable":true,"href":"https:\/\/www.marelli.com.br\/blog\/wp-json\/wp\/v2\/tags?post=3191"}],"curies":[{"name":"wp","href":"https:\/\/api.w.org\/{rel}","templated":true}]}}