{"id":3474,"date":"2025-08-29T10:45:00","date_gmt":"2025-08-29T13:45:00","guid":{"rendered":"https:\/\/www.marelli.com.br\/blog\/?p=3474"},"modified":"2025-09-01T10:53:35","modified_gmt":"2025-09-01T13:53:35","slug":"tecidos-sustentaveis-por-dentro-da-escolha-que-transforma-seu-projeto-e-o-planeta","status":"publish","type":"post","link":"https:\/\/www.marelli.com.br\/blog\/tecidos-sustentaveis-por-dentro-da-escolha-que-transforma-seu-projeto-e-o-planeta\/","title":{"rendered":"Tecidos sustent\u00e1veis: por dentro da escolha que transforma seu projeto e o planeta"},"content":{"rendered":"\n<p>Todo ambiente corporativo inspirador envolve um penso cauteloso durante o desenvolvimento. Quando falamos da etapa de sele\u00e7\u00e3o de materiais, ter possibilidades de tecidos sustent\u00e1veis abre portas para uma cria\u00e7\u00e3o mais flu\u00edda e com prop\u00f3sito.<\/p>\n\n\n\n<p>A boa not\u00edcia \u00e9 que n\u00e3o limitar sua ideia ao est\u00e9tico tamb\u00e9m ecoa como um posicionamento: tornar o \u201ceco-friendly\u201d muito mais que uma tend\u00eancia, mas sim um caminho poss\u00edvel. <\/p>\n\n\n\n<p>Hoje, o <a href=\"https:\/\/www.marelli.com.br\/\">portf\u00f3lio Marelli<\/a> j\u00e1 inclui um amplo mix de tecidos sustent\u00e1veis na cartela de acabamentos. Com diversos tons exclusivos, de qualidade inquestion\u00e1vel, versatilidade pura, e <a href=\"https:\/\/www.marelli.com.br\/quem-somos\/#:~:text=Existimos%20para%20motivar.-,O%20que%20acreditamos,-Design\">selo de sustentabilidade Marelli<\/a> junto ao produto final.<\/p>\n\n\n\n<p>Descubra esta tend\u00eancia de mercado e abrace toda a versatilidade que um bom tecido sustent\u00e1vel agrega \u00e0 arquitetura corporativa.<\/p>\n\n\n\n<figure class=\"wp-block-image size-full\"><img loading=\"lazy\" width=\"750\" height=\"500\" src=\"https:\/\/www.marelli.com.br\/blog\/wp-content\/uploads\/2025\/09\/Internas_Artigo-1_A-1.png\" alt=\"\" class=\"wp-image-3481\" srcset=\"https:\/\/www.marelli.com.br\/blog\/wp-content\/uploads\/2025\/09\/Internas_Artigo-1_A-1.png 750w, https:\/\/www.marelli.com.br\/blog\/wp-content\/uploads\/2025\/09\/Internas_Artigo-1_A-1-300x200.png 300w, https:\/\/www.marelli.com.br\/blog\/wp-content\/uploads\/2025\/09\/Internas_Artigo-1_A-1-370x247.png 370w, https:\/\/www.marelli.com.br\/blog\/wp-content\/uploads\/2025\/09\/Internas_Artigo-1_A-1-470x313.png 470w, https:\/\/www.marelli.com.br\/blog\/wp-content\/uploads\/2025\/09\/Internas_Artigo-1_A-1-700x467.png 700w\" sizes=\"(max-width: 750px) 100vw, 750px\" \/><\/figure>\n\n\n\n<h3>Simplesmente Ecosimple\u00ae<\/h3>\n\n\n\n<p>Dispon\u00edvel em 14 cores de alta qualidade, esta linha dispensa produtos qu\u00edmicos na cadeia de<br>produ\u00e7\u00e3o. Com isso, existe uma significativa contribui\u00e7\u00e3o na preserva\u00e7\u00e3o do solo, acentuada pelo<br>uso de mat\u00e9ria-prima reciclada.<\/p>\n\n\n\n<p><strong>Menor impacto<\/strong>: com esta tecnologia, PET e retalhos s\u00e3o transformados em exclusividade e uma assinatura eco, produzida sem insumos animais.<\/p>\n\n\n\n<p><strong>Menos \u00e1gua<\/strong>: vil\u00e3 na fabrica\u00e7\u00e3o t\u00eaxtil, o desperd\u00edcio de \u00e1gua n\u00e3o tem vez neste processo, cujo consumo \u00e9 cerca de 88% menor que o modelo tradicional.<\/p>\n\n\n\n<p><strong>Alta personaliza\u00e7\u00e3o<\/strong>: por uma criatividade eco-consciente, a cartela de cores a seu dispor \u00e9 contempor\u00e2nea, s\u00f3bria e adapt\u00e1vel aos diferentes contextos de projeto.<\/p>\n\n\n\n<blockquote class=\"wp-block-quote\"><p><strong>1 METRO DE TECIDO<\/strong> equivale a dar um novo rumo para 500 g de retalho e 8 garrafas que antes n\u00e3o<br>tinham o direcionamento correto.<\/p><\/blockquote>\n\n\n\n<figure class=\"wp-block-image size-full\"><img loading=\"lazy\" width=\"750\" height=\"500\" src=\"https:\/\/www.marelli.com.br\/blog\/wp-content\/uploads\/2025\/09\/Internas_Artigo-1_B-1.png\" alt=\"\" class=\"wp-image-3479\" srcset=\"https:\/\/www.marelli.com.br\/blog\/wp-content\/uploads\/2025\/09\/Internas_Artigo-1_B-1.png 750w, https:\/\/www.marelli.com.br\/blog\/wp-content\/uploads\/2025\/09\/Internas_Artigo-1_B-1-300x200.png 300w, https:\/\/www.marelli.com.br\/blog\/wp-content\/uploads\/2025\/09\/Internas_Artigo-1_B-1-370x247.png 370w, https:\/\/www.marelli.com.br\/blog\/wp-content\/uploads\/2025\/09\/Internas_Artigo-1_B-1-470x313.png 470w, https:\/\/www.marelli.com.br\/blog\/wp-content\/uploads\/2025\/09\/Internas_Artigo-1_B-1-700x467.png 700w\" sizes=\"(max-width: 750px) 100vw, 750px\" \/><\/figure>\n\n\n\n<h3>Outras possibilidades em tecidos<\/h3>\n\n\n\n<p>Em nosso hall de acabamentos, voc\u00ea tamb\u00e9m encontra os tecidos Performatex\u00ae da Quaker.<\/p>\n\n\n\n<p>Aqui, o principal diferencial \u00e9 a t\u00e9cnica de tingimento em solu\u00e7\u00e3o, que integra a cor como parte homog\u00eanea da fibra e dispensa aquele tradicional processo ambientalmente danoso.<\/p>\n\n\n\n<p>O resultado? Menos libera\u00e7\u00e3o de CO2, menos consumo de energia e redu\u00e7\u00e3o no desperd\u00edcio de recursos h\u00eddricos.<\/p>\n\n\n\n<figure class=\"wp-block-image size-full\"><img loading=\"lazy\" width=\"750\" height=\"500\" src=\"https:\/\/www.marelli.com.br\/blog\/wp-content\/uploads\/2025\/09\/Internas_Artigo-1_C-1.png\" alt=\"\" class=\"wp-image-3478\" srcset=\"https:\/\/www.marelli.com.br\/blog\/wp-content\/uploads\/2025\/09\/Internas_Artigo-1_C-1.png 750w, https:\/\/www.marelli.com.br\/blog\/wp-content\/uploads\/2025\/09\/Internas_Artigo-1_C-1-300x200.png 300w, https:\/\/www.marelli.com.br\/blog\/wp-content\/uploads\/2025\/09\/Internas_Artigo-1_C-1-370x247.png 370w, https:\/\/www.marelli.com.br\/blog\/wp-content\/uploads\/2025\/09\/Internas_Artigo-1_C-1-470x313.png 470w, https:\/\/www.marelli.com.br\/blog\/wp-content\/uploads\/2025\/09\/Internas_Artigo-1_C-1-700x467.png 700w\" sizes=\"(max-width: 750px) 100vw, 750px\" \/><\/figure>\n\n\n\n<h3>D\u00ea vida ao que te motiva<\/h3>\n\n\n\n<p>A pauta de sustentabilidade n\u00e3o \u00e9 o futuro do design de interiores. Ela \u00e9 o <strong>PRESENTE<\/strong>.<\/p>\n\n\n\n<p>Em <a href=\"http:\/\/www.marelli.com.br\">www.marelli.com.br<\/a> voc\u00ea se conecta \u00e0s nossas novidades e produtos para transformar projetos<br>de conforto e bem-estar no escrit\u00f3rio em concretiza\u00e7\u00e3o de um prop\u00f3sito ainda maior: cuidar do<br>meio-ambiente!<\/p>\n","protected":false},"excerpt":{"rendered":"<p>Todo ambiente corporativo inspirador envolve um penso cauteloso durante o desenvolvimento. Quando falamos da etapa de sele\u00e7\u00e3o de materiais, ter possibilidades de tecidos sustent\u00e1veis abre portas para uma cria\u00e7\u00e3o mais flu\u00edda e com prop\u00f3sito. A boa not\u00edcia \u00e9&hellip;<\/p>\n","protected":false},"author":2,"featured_media":3480,"comment_status":"closed","ping_status":"open","sticky":true,"template":"","format":"standard","meta":[],"categories":[51,64],"tags":[87,85],"yoast_head":"<!-- This site is optimized with the Yoast SEO plugin v19.1 - https:\/\/yoast.com\/wordpress\/plugins\/seo\/ -->\n<title>Tecidos sustent\u00e1veis - Marelli Blog<\/title>\n<meta name=\"description\" content=\"Todo ambiente corporativo envolve um penso cauteloso. Poder optar por tecidos sustent\u00e1veis garante uma cria\u00e7\u00e3o mais flu\u00edda e com prop\u00f3sito.\" \/>\n<meta name=\"robots\" content=\"index, follow, max-snippet:-1, max-image-preview:large, max-video-preview:-1\" \/>\n<link rel=\"canonical\" href=\"https:\/\/www.marelli.com.br\/blog\/tecidos-sustentaveis-por-dentro-da-escolha-que-transforma-seu-projeto-e-o-planeta\/\" \/>\n<meta property=\"og:locale\" content=\"pt_BR\" \/>\n<meta property=\"og:type\" content=\"article\" \/>\n<meta property=\"og:title\" content=\"Tecidos sustent\u00e1veis - Marelli Blog\" \/>\n<meta property=\"og:description\" content=\"Todo ambiente corporativo envolve um penso cauteloso. Poder optar por tecidos sustent\u00e1veis garante uma cria\u00e7\u00e3o mais flu\u00edda e com prop\u00f3sito.\" \/>\n<meta property=\"og:url\" content=\"https:\/\/www.marelli.com.br\/blog\/tecidos-sustentaveis-por-dentro-da-escolha-que-transforma-seu-projeto-e-o-planeta\/\" \/>\n<meta property=\"og:site_name\" content=\"Marelli Blog\" \/>\n<meta property=\"article:published_time\" content=\"2025-08-29T13:45:00+00:00\" \/>\n<meta property=\"article:modified_time\" content=\"2025-09-01T13:53:35+00:00\" \/>\n<meta property=\"og:image\" content=\"https:\/\/www.marelli.com.br\/blog\/wp-content\/uploads\/2025\/09\/Imagem-artigo-1_Banner-TOPO-1.png\" \/>\n\t<meta property=\"og:image:width\" content=\"1856\" \/>\n\t<meta property=\"og:image:height\" content=\"350\" \/>\n\t<meta property=\"og:image:type\" content=\"image\/png\" \/>\n<meta name=\"twitter:card\" content=\"summary_large_image\" \/>\n<meta name=\"twitter:label1\" content=\"Written by\" \/>\n\t<meta name=\"twitter:data1\" content=\"Marelli\" \/>\n\t<meta name=\"twitter:label2\" content=\"Est. reading time\" \/>\n\t<meta name=\"twitter:data2\" content=\"3 minutos\" \/>\n<script type=\"application\/ld+json\" class=\"yoast-schema-graph\">{\"@context\":\"https:\/\/schema.org\",\"@graph\":[{\"@type\":\"WebSite\",\"@id\":\"https:\/\/www.marelli.com.br\/blog\/#website\",\"url\":\"https:\/\/www.marelli.com.br\/blog\/\",\"name\":\"Marelli Blog\",\"description\":\"\",\"potentialAction\":[{\"@type\":\"SearchAction\",\"target\":{\"@type\":\"EntryPoint\",\"urlTemplate\":\"https:\/\/www.marelli.com.br\/blog\/?s={search_term_string}\"},\"query-input\":\"required name=search_term_string\"}],\"inLanguage\":\"pt-BR\"},{\"@type\":\"ImageObject\",\"inLanguage\":\"pt-BR\",\"@id\":\"https:\/\/www.marelli.com.br\/blog\/tecidos-sustentaveis-por-dentro-da-escolha-que-transforma-seu-projeto-e-o-planeta\/#primaryimage\",\"url\":\"https:\/\/www.marelli.com.br\/blog\/wp-content\/uploads\/2025\/09\/Imagem-artigo-1_Banner-TOPO-1.png\",\"contentUrl\":\"https:\/\/www.marelli.com.br\/blog\/wp-content\/uploads\/2025\/09\/Imagem-artigo-1_Banner-TOPO-1.png\",\"width\":1856,\"height\":350},{\"@type\":\"WebPage\",\"@id\":\"https:\/\/www.marelli.com.br\/blog\/tecidos-sustentaveis-por-dentro-da-escolha-que-transforma-seu-projeto-e-o-planeta\/#webpage\",\"url\":\"https:\/\/www.marelli.com.br\/blog\/tecidos-sustentaveis-por-dentro-da-escolha-que-transforma-seu-projeto-e-o-planeta\/\",\"name\":\"Tecidos sustent\u00e1veis - Marelli Blog\",\"isPartOf\":{\"@id\":\"https:\/\/www.marelli.com.br\/blog\/#website\"},\"primaryImageOfPage\":{\"@id\":\"https:\/\/www.marelli.com.br\/blog\/tecidos-sustentaveis-por-dentro-da-escolha-que-transforma-seu-projeto-e-o-planeta\/#primaryimage\"},\"datePublished\":\"2025-08-29T13:45:00+00:00\",\"dateModified\":\"2025-09-01T13:53:35+00:00\",\"author\":{\"@id\":\"https:\/\/www.marelli.com.br\/blog\/#\/schema\/person\/68a06758b0b82748917625b1dbaed889\"},\"description\":\"Todo ambiente corporativo envolve um penso cauteloso. Poder optar por tecidos sustent\u00e1veis garante uma cria\u00e7\u00e3o mais flu\u00edda e com prop\u00f3sito.\",\"breadcrumb\":{\"@id\":\"https:\/\/www.marelli.com.br\/blog\/tecidos-sustentaveis-por-dentro-da-escolha-que-transforma-seu-projeto-e-o-planeta\/#breadcrumb\"},\"inLanguage\":\"pt-BR\",\"potentialAction\":[{\"@type\":\"ReadAction\",\"target\":[\"https:\/\/www.marelli.com.br\/blog\/tecidos-sustentaveis-por-dentro-da-escolha-que-transforma-seu-projeto-e-o-planeta\/\"]}]},{\"@type\":\"BreadcrumbList\",\"@id\":\"https:\/\/www.marelli.com.br\/blog\/tecidos-sustentaveis-por-dentro-da-escolha-que-transforma-seu-projeto-e-o-planeta\/#breadcrumb\",\"itemListElement\":[{\"@type\":\"ListItem\",\"position\":1,\"name\":\"Home\",\"item\":\"https:\/\/www.marelli.com.br\/blog\/\"},{\"@type\":\"ListItem\",\"position\":2,\"name\":\"Tecidos sustent\u00e1veis: por dentro da escolha que transforma seu projeto e o planeta\"}]},{\"@type\":\"Person\",\"@id\":\"https:\/\/www.marelli.com.br\/blog\/#\/schema\/person\/68a06758b0b82748917625b1dbaed889\",\"name\":\"Marelli\",\"image\":{\"@type\":\"ImageObject\",\"inLanguage\":\"pt-BR\",\"@id\":\"https:\/\/www.marelli.com.br\/blog\/#\/schema\/person\/image\/\",\"url\":\"https:\/\/secure.gravatar.com\/avatar\/16d846803e6884dc49d44a8eac4a8ea9?s=96&d=mm&r=g\",\"contentUrl\":\"https:\/\/secure.gravatar.com\/avatar\/16d846803e6884dc49d44a8eac4a8ea9?s=96&d=mm&r=g\",\"caption\":\"Marelli\"}}]}<\/script>\n<!-- \/ Yoast SEO plugin. -->","yoast_head_json":{"title":"Tecidos sustent\u00e1veis - Marelli Blog","description":"Todo ambiente corporativo envolve um penso cauteloso. Poder optar por tecidos sustent\u00e1veis garante uma cria\u00e7\u00e3o mais flu\u00edda e com prop\u00f3sito.","robots":{"index":"index","follow":"follow","max-snippet":"max-snippet:-1","max-image-preview":"max-image-preview:large","max-video-preview":"max-video-preview:-1"},"canonical":"https:\/\/www.marelli.com.br\/blog\/tecidos-sustentaveis-por-dentro-da-escolha-que-transforma-seu-projeto-e-o-planeta\/","og_locale":"pt_BR","og_type":"article","og_title":"Tecidos sustent\u00e1veis - Marelli Blog","og_description":"Todo ambiente corporativo envolve um penso cauteloso. Poder optar por tecidos sustent\u00e1veis garante uma cria\u00e7\u00e3o mais flu\u00edda e com prop\u00f3sito.","og_url":"https:\/\/www.marelli.com.br\/blog\/tecidos-sustentaveis-por-dentro-da-escolha-que-transforma-seu-projeto-e-o-planeta\/","og_site_name":"Marelli Blog","article_published_time":"2025-08-29T13:45:00+00:00","article_modified_time":"2025-09-01T13:53:35+00:00","og_image":[{"width":1856,"height":350,"url":"https:\/\/www.marelli.com.br\/blog\/wp-content\/uploads\/2025\/09\/Imagem-artigo-1_Banner-TOPO-1.png","type":"image\/png"}],"twitter_card":"summary_large_image","twitter_misc":{"Written by":"Marelli","Est. reading time":"3 minutos"},"schema":{"@context":"https:\/\/schema.org","@graph":[{"@type":"WebSite","@id":"https:\/\/www.marelli.com.br\/blog\/#website","url":"https:\/\/www.marelli.com.br\/blog\/","name":"Marelli Blog","description":"","potentialAction":[{"@type":"SearchAction","target":{"@type":"EntryPoint","urlTemplate":"https:\/\/www.marelli.com.br\/blog\/?s={search_term_string}"},"query-input":"required name=search_term_string"}],"inLanguage":"pt-BR"},{"@type":"ImageObject","inLanguage":"pt-BR","@id":"https:\/\/www.marelli.com.br\/blog\/tecidos-sustentaveis-por-dentro-da-escolha-que-transforma-seu-projeto-e-o-planeta\/#primaryimage","url":"https:\/\/www.marelli.com.br\/blog\/wp-content\/uploads\/2025\/09\/Imagem-artigo-1_Banner-TOPO-1.png","contentUrl":"https:\/\/www.marelli.com.br\/blog\/wp-content\/uploads\/2025\/09\/Imagem-artigo-1_Banner-TOPO-1.png","width":1856,"height":350},{"@type":"WebPage","@id":"https:\/\/www.marelli.com.br\/blog\/tecidos-sustentaveis-por-dentro-da-escolha-que-transforma-seu-projeto-e-o-planeta\/#webpage","url":"https:\/\/www.marelli.com.br\/blog\/tecidos-sustentaveis-por-dentro-da-escolha-que-transforma-seu-projeto-e-o-planeta\/","name":"Tecidos sustent\u00e1veis - Marelli Blog","isPartOf":{"@id":"https:\/\/www.marelli.com.br\/blog\/#website"},"primaryImageOfPage":{"@id":"https:\/\/www.marelli.com.br\/blog\/tecidos-sustentaveis-por-dentro-da-escolha-que-transforma-seu-projeto-e-o-planeta\/#primaryimage"},"datePublished":"2025-08-29T13:45:00+00:00","dateModified":"2025-09-01T13:53:35+00:00","author":{"@id":"https:\/\/www.marelli.com.br\/blog\/#\/schema\/person\/68a06758b0b82748917625b1dbaed889"},"description":"Todo ambiente corporativo envolve um penso cauteloso. Poder optar por tecidos sustent\u00e1veis garante uma cria\u00e7\u00e3o mais flu\u00edda e com prop\u00f3sito.","breadcrumb":{"@id":"https:\/\/www.marelli.com.br\/blog\/tecidos-sustentaveis-por-dentro-da-escolha-que-transforma-seu-projeto-e-o-planeta\/#breadcrumb"},"inLanguage":"pt-BR","potentialAction":[{"@type":"ReadAction","target":["https:\/\/www.marelli.com.br\/blog\/tecidos-sustentaveis-por-dentro-da-escolha-que-transforma-seu-projeto-e-o-planeta\/"]}]},{"@type":"BreadcrumbList","@id":"https:\/\/www.marelli.com.br\/blog\/tecidos-sustentaveis-por-dentro-da-escolha-que-transforma-seu-projeto-e-o-planeta\/#breadcrumb","itemListElement":[{"@type":"ListItem","position":1,"name":"Home","item":"https:\/\/www.marelli.com.br\/blog\/"},{"@type":"ListItem","position":2,"name":"Tecidos sustent\u00e1veis: por dentro da escolha que transforma seu projeto e o planeta"}]},{"@type":"Person","@id":"https:\/\/www.marelli.com.br\/blog\/#\/schema\/person\/68a06758b0b82748917625b1dbaed889","name":"Marelli","image":{"@type":"ImageObject","inLanguage":"pt-BR","@id":"https:\/\/www.marelli.com.br\/blog\/#\/schema\/person\/image\/","url":"https:\/\/secure.gravatar.com\/avatar\/16d846803e6884dc49d44a8eac4a8ea9?s=96&d=mm&r=g","contentUrl":"https:\/\/secure.gravatar.com\/avatar\/16d846803e6884dc49d44a8eac4a8ea9?s=96&d=mm&r=g","caption":"Marelli"}}]}},"_links":{"self":[{"href":"https:\/\/www.marelli.com.br\/blog\/wp-json\/wp\/v2\/posts\/3474"}],"collection":[{"href":"https:\/\/www.marelli.com.br\/blog\/wp-json\/wp\/v2\/posts"}],"about":[{"href":"https:\/\/www.marelli.com.br\/blog\/wp-json\/wp\/v2\/types\/post"}],"author":[{"embeddable":true,"href":"https:\/\/www.marelli.com.br\/blog\/wp-json\/wp\/v2\/users\/2"}],"replies":[{"embeddable":true,"href":"https:\/\/www.marelli.com.br\/blog\/wp-json\/wp\/v2\/comments?post=3474"}],"version-history":[{"count":4,"href":"https:\/\/www.marelli.com.br\/blog\/wp-json\/wp\/v2\/posts\/3474\/revisions"}],"predecessor-version":[{"id":3482,"href":"https:\/\/www.marelli.com.br\/blog\/wp-json\/wp\/v2\/posts\/3474\/revisions\/3482"}],"wp:featuredmedia":[{"embeddable":true,"href":"https:\/\/www.marelli.com.br\/blog\/wp-json\/wp\/v2\/media\/3480"}],"wp:attachment":[{"href":"https:\/\/www.marelli.com.br\/blog\/wp-json\/wp\/v2\/media?parent=3474"}],"wp:term":[{"taxonomy":"category","embeddable":true,"href":"https:\/\/www.marelli.com.br\/blog\/wp-json\/wp\/v2\/categories?post=3474"},{"taxonomy":"post_tag","embeddable":true,"href":"https:\/\/www.marelli.com.br\/blog\/wp-json\/wp\/v2\/tags?post=3474"}],"curies":[{"name":"wp","href":"https:\/\/api.w.org\/{rel}","templated":true}]}}