{"id":3484,"date":"2025-09-10T16:00:45","date_gmt":"2025-09-10T19:00:45","guid":{"rendered":"https:\/\/www.marelli.com.br\/blog\/?p=3484"},"modified":"2025-09-10T16:00:47","modified_gmt":"2025-09-10T19:00:47","slug":"vigore-estofado-de-alto-padrao-para-ambientes-corporativos-modernos","status":"publish","type":"post","link":"https:\/\/www.marelli.com.br\/blog\/vigore-estofado-de-alto-padrao-para-ambientes-corporativos-modernos\/","title":{"rendered":"Vigore: estofado de alto padr\u00e3o para ambientes corporativos modernos"},"content":{"rendered":"\n<p>Na arquitetura corporativa, cada detalhe importa. <strong>Do layout ao mobili\u00e1rio, tudo precisa refletir a identidade do ambiente e, ao mesmo tempo, oferecer conforto, funcionalidade e sofistica\u00e7\u00e3o. <\/strong><\/p>\n\n\n\n<p>Foi pensando nisso que a Marelli desenvolveu o <a href=\"https:\/\/www.marelli.com.br\/linhas\/vigore\/\">Vigore<\/a>, um estofado de alto padr\u00e3o que une robustez e eleg\u00e2ncia, mas sem abdicar da leveza e do minimalismo que marcam os ambientes contempor\u00e2neos.<\/p>\n\n\n\n<figure class=\"wp-block-image size-full\"><img loading=\"lazy\" width=\"750\" height=\"500\" src=\"https:\/\/www.marelli.com.br\/blog\/wp-content\/uploads\/2025\/09\/Internas_Artigo-2_A-1.png\" alt=\"\" class=\"wp-image-3488\" srcset=\"https:\/\/www.marelli.com.br\/blog\/wp-content\/uploads\/2025\/09\/Internas_Artigo-2_A-1.png 750w, https:\/\/www.marelli.com.br\/blog\/wp-content\/uploads\/2025\/09\/Internas_Artigo-2_A-1-300x200.png 300w, https:\/\/www.marelli.com.br\/blog\/wp-content\/uploads\/2025\/09\/Internas_Artigo-2_A-1-370x247.png 370w, https:\/\/www.marelli.com.br\/blog\/wp-content\/uploads\/2025\/09\/Internas_Artigo-2_A-1-470x313.png 470w, https:\/\/www.marelli.com.br\/blog\/wp-content\/uploads\/2025\/09\/Internas_Artigo-2_A-1-700x467.png 700w\" sizes=\"(max-width: 750px) 100vw, 750px\" \/><\/figure>\n\n\n\n<h3>Sofistica\u00e7\u00e3o em cada detalhe<\/h3>\n\n\n\n<p>Vigore foi projetado para atender aos mais altos padr\u00f5es de exig\u00eancia. Com linhas limpas e propor\u00e7\u00f5es equilibradas, ele se adapta a diferentes estilos de projeto, criando espa\u00e7os que acolhem e inspiram.<\/p>\n\n\n\n<p>Mais do que um simples estofado, o <a href=\"https:\/\/www.instagram.com\/p\/DOJwqs8iQsy\/\">Vigore <\/a>transmite impon\u00eancia sem perder a delicadeza, traduzindo o conceito de alto padr\u00e3o em ambientes corporativos.<\/p>\n\n\n\n<figure class=\"wp-block-image size-full\"><img loading=\"lazy\" width=\"750\" height=\"500\" src=\"https:\/\/www.marelli.com.br\/blog\/wp-content\/uploads\/2025\/09\/Internas_Artigo-2_B-1.png\" alt=\"\" class=\"wp-image-3487\" srcset=\"https:\/\/www.marelli.com.br\/blog\/wp-content\/uploads\/2025\/09\/Internas_Artigo-2_B-1.png 750w, https:\/\/www.marelli.com.br\/blog\/wp-content\/uploads\/2025\/09\/Internas_Artigo-2_B-1-300x200.png 300w, https:\/\/www.marelli.com.br\/blog\/wp-content\/uploads\/2025\/09\/Internas_Artigo-2_B-1-370x247.png 370w, https:\/\/www.marelli.com.br\/blog\/wp-content\/uploads\/2025\/09\/Internas_Artigo-2_B-1-470x313.png 470w, https:\/\/www.marelli.com.br\/blog\/wp-content\/uploads\/2025\/09\/Internas_Artigo-2_B-1-700x467.png 700w\" sizes=\"(max-width: 750px) 100vw, 750px\" \/><\/figure>\n\n\n\n<h3>Versatilidade com op\u00e7\u00f5es de acabamentos<\/h3>\n\n\n\n<p>Outro grande diferencial do Vigore \u00e9 a variedade de op\u00e7\u00f5es de acabamentos oferecidas pela Marelli. <a href=\"https:\/\/www.marelli.com.br\/blog\/tecidos-sustentaveis-por-dentro-da-escolha-que-transforma-seu-projeto-e-o-planeta\/\">Tecidos<\/a>, texturas e tonalidades que permitem personalizar cada pe\u00e7a, <strong>alinhando o mobili\u00e1rio \u00e0 identidade visual da empresa e ao conceito arquitet\u00f4nico de cada projeto criado.<\/strong><\/p>\n\n\n\n<p>Essa versatilidade garante flexibilidade aos profissionais de arquitetura e design de interiores, possibilitando a cria\u00e7\u00e3o de solu\u00e7\u00f5es \u00fanicas para escrit\u00f3rios, recep\u00e7\u00f5es, lounges e \u00e1reas de descontra\u00e7\u00e3o.<\/p>\n\n\n\n<figure class=\"wp-block-image size-full\"><img loading=\"lazy\" width=\"750\" height=\"500\" src=\"https:\/\/www.marelli.com.br\/blog\/wp-content\/uploads\/2025\/09\/Internas_Artigo-2_C-1.png\" alt=\"\" class=\"wp-image-3489\" srcset=\"https:\/\/www.marelli.com.br\/blog\/wp-content\/uploads\/2025\/09\/Internas_Artigo-2_C-1.png 750w, https:\/\/www.marelli.com.br\/blog\/wp-content\/uploads\/2025\/09\/Internas_Artigo-2_C-1-300x200.png 300w, https:\/\/www.marelli.com.br\/blog\/wp-content\/uploads\/2025\/09\/Internas_Artigo-2_C-1-370x247.png 370w, https:\/\/www.marelli.com.br\/blog\/wp-content\/uploads\/2025\/09\/Internas_Artigo-2_C-1-470x313.png 470w, https:\/\/www.marelli.com.br\/blog\/wp-content\/uploads\/2025\/09\/Internas_Artigo-2_C-1-700x467.png 700w\" sizes=\"(max-width: 750px) 100vw, 750px\" \/><\/figure>\n\n\n\n<h3>Uma pe\u00e7a-chave na arquitetura corporativa<\/h3>\n\n\n\n<p><br>Mais do que atender \u00e0 funcionalidade, os 3 modelos do Vigore transformam ambientes em experi\u00eancias. Ele representa a vis\u00e3o da Marelli de que <strong>o mobili\u00e1rio deve ir al\u00e9m do uso pr\u00e1tico: deve motivar, acolher e potencializar resultados.<\/strong><\/p>\n\n\n\n<p>Seja em projetos de recep\u00e7\u00e3o que precisam impressionar logo no primeiro contato, seja em lounges que valorizam a conviv\u00eancia, o Vigore \u00e9 uma escolha que combina design inteligente e sofistica\u00e7\u00e3o.<\/p>\n\n\n\n<p>Quer conhecer mais sobre o Vigore e explorar todas as op\u00e7\u00f5es de acabamentos? Acesse o portf\u00f3lio da <a href=\"https:\/\/www.marelli.com.br\/\">Marelli<\/a> e descubra como transformar seus ambientes corporativos com design e alto padr\u00e3o.<\/p>\n","protected":false},"excerpt":{"rendered":"<p>Na arquitetura corporativa, cada detalhe importa. Do layout ao mobili\u00e1rio, tudo precisa refletir a identidade do ambiente e, ao mesmo tempo, oferecer conforto, funcionalidade e sofistica\u00e7\u00e3o. Foi pensando nisso que a Marelli desenvolveu o Vigore, um estofado de&hellip;<\/p>\n","protected":false},"author":2,"featured_media":3490,"comment_status":"closed","ping_status":"open","sticky":false,"template":"","format":"standard","meta":[],"categories":[48,51],"tags":[88,89,90,91],"yoast_head":"<!-- This site is optimized with the Yoast SEO plugin v19.1 - https:\/\/yoast.com\/wordpress\/plugins\/seo\/ -->\n<title>Estofado de alto padr\u00e3o para ambientes corporativos - Marelli Blog<\/title>\n<meta name=\"description\" content=\"A Marelli desenvolveu o Vigore, um estofado de alto padr\u00e3o que une robustez e eleg\u00e2ncia, sem abdicar da leveza e do minimalismo.\" \/>\n<meta name=\"robots\" content=\"index, follow, max-snippet:-1, max-image-preview:large, max-video-preview:-1\" \/>\n<link rel=\"canonical\" href=\"https:\/\/www.marelli.com.br\/blog\/vigore-estofado-de-alto-padrao-para-ambientes-corporativos-modernos\/\" \/>\n<meta property=\"og:locale\" content=\"pt_BR\" \/>\n<meta property=\"og:type\" content=\"article\" \/>\n<meta property=\"og:title\" content=\"Estofado de alto padr\u00e3o para ambientes corporativos - Marelli Blog\" \/>\n<meta property=\"og:description\" content=\"A Marelli desenvolveu o Vigore, um estofado de alto padr\u00e3o que une robustez e eleg\u00e2ncia, sem abdicar da leveza e do minimalismo.\" \/>\n<meta property=\"og:url\" content=\"https:\/\/www.marelli.com.br\/blog\/vigore-estofado-de-alto-padrao-para-ambientes-corporativos-modernos\/\" \/>\n<meta property=\"og:site_name\" content=\"Marelli Blog\" \/>\n<meta property=\"article:published_time\" content=\"2025-09-10T19:00:45+00:00\" \/>\n<meta property=\"article:modified_time\" content=\"2025-09-10T19:00:47+00:00\" \/>\n<meta property=\"og:image\" content=\"https:\/\/www.marelli.com.br\/blog\/wp-content\/uploads\/2025\/09\/Imagem-artigo-2_Banner-TOPO-1.png\" \/>\n\t<meta property=\"og:image:width\" content=\"1856\" \/>\n\t<meta property=\"og:image:height\" content=\"350\" \/>\n\t<meta property=\"og:image:type\" content=\"image\/png\" \/>\n<meta name=\"twitter:card\" content=\"summary_large_image\" \/>\n<meta name=\"twitter:label1\" content=\"Written by\" \/>\n\t<meta name=\"twitter:data1\" content=\"Marelli\" \/>\n\t<meta name=\"twitter:label2\" content=\"Est. reading time\" \/>\n\t<meta name=\"twitter:data2\" content=\"3 minutos\" \/>\n<script type=\"application\/ld+json\" class=\"yoast-schema-graph\">{\"@context\":\"https:\/\/schema.org\",\"@graph\":[{\"@type\":\"WebSite\",\"@id\":\"https:\/\/www.marelli.com.br\/blog\/#website\",\"url\":\"https:\/\/www.marelli.com.br\/blog\/\",\"name\":\"Marelli Blog\",\"description\":\"\",\"potentialAction\":[{\"@type\":\"SearchAction\",\"target\":{\"@type\":\"EntryPoint\",\"urlTemplate\":\"https:\/\/www.marelli.com.br\/blog\/?s={search_term_string}\"},\"query-input\":\"required name=search_term_string\"}],\"inLanguage\":\"pt-BR\"},{\"@type\":\"ImageObject\",\"inLanguage\":\"pt-BR\",\"@id\":\"https:\/\/www.marelli.com.br\/blog\/vigore-estofado-de-alto-padrao-para-ambientes-corporativos-modernos\/#primaryimage\",\"url\":\"https:\/\/www.marelli.com.br\/blog\/wp-content\/uploads\/2025\/09\/Imagem-artigo-2_Banner-TOPO-1.png\",\"contentUrl\":\"https:\/\/www.marelli.com.br\/blog\/wp-content\/uploads\/2025\/09\/Imagem-artigo-2_Banner-TOPO-1.png\",\"width\":1856,\"height\":350},{\"@type\":\"WebPage\",\"@id\":\"https:\/\/www.marelli.com.br\/blog\/vigore-estofado-de-alto-padrao-para-ambientes-corporativos-modernos\/#webpage\",\"url\":\"https:\/\/www.marelli.com.br\/blog\/vigore-estofado-de-alto-padrao-para-ambientes-corporativos-modernos\/\",\"name\":\"Estofado de alto padr\u00e3o para ambientes corporativos - Marelli Blog\",\"isPartOf\":{\"@id\":\"https:\/\/www.marelli.com.br\/blog\/#website\"},\"primaryImageOfPage\":{\"@id\":\"https:\/\/www.marelli.com.br\/blog\/vigore-estofado-de-alto-padrao-para-ambientes-corporativos-modernos\/#primaryimage\"},\"datePublished\":\"2025-09-10T19:00:45+00:00\",\"dateModified\":\"2025-09-10T19:00:47+00:00\",\"author\":{\"@id\":\"https:\/\/www.marelli.com.br\/blog\/#\/schema\/person\/68a06758b0b82748917625b1dbaed889\"},\"description\":\"A Marelli desenvolveu o Vigore, um estofado de alto padr\u00e3o que une robustez e eleg\u00e2ncia, sem abdicar da leveza e do minimalismo.\",\"breadcrumb\":{\"@id\":\"https:\/\/www.marelli.com.br\/blog\/vigore-estofado-de-alto-padrao-para-ambientes-corporativos-modernos\/#breadcrumb\"},\"inLanguage\":\"pt-BR\",\"potentialAction\":[{\"@type\":\"ReadAction\",\"target\":[\"https:\/\/www.marelli.com.br\/blog\/vigore-estofado-de-alto-padrao-para-ambientes-corporativos-modernos\/\"]}]},{\"@type\":\"BreadcrumbList\",\"@id\":\"https:\/\/www.marelli.com.br\/blog\/vigore-estofado-de-alto-padrao-para-ambientes-corporativos-modernos\/#breadcrumb\",\"itemListElement\":[{\"@type\":\"ListItem\",\"position\":1,\"name\":\"Home\",\"item\":\"https:\/\/www.marelli.com.br\/blog\/\"},{\"@type\":\"ListItem\",\"position\":2,\"name\":\"Vigore: estofado de alto padr\u00e3o para ambientes corporativos modernos\"}]},{\"@type\":\"Person\",\"@id\":\"https:\/\/www.marelli.com.br\/blog\/#\/schema\/person\/68a06758b0b82748917625b1dbaed889\",\"name\":\"Marelli\",\"image\":{\"@type\":\"ImageObject\",\"inLanguage\":\"pt-BR\",\"@id\":\"https:\/\/www.marelli.com.br\/blog\/#\/schema\/person\/image\/\",\"url\":\"https:\/\/secure.gravatar.com\/avatar\/16d846803e6884dc49d44a8eac4a8ea9?s=96&d=mm&r=g\",\"contentUrl\":\"https:\/\/secure.gravatar.com\/avatar\/16d846803e6884dc49d44a8eac4a8ea9?s=96&d=mm&r=g\",\"caption\":\"Marelli\"}}]}<\/script>\n<!-- \/ Yoast SEO plugin. -->","yoast_head_json":{"title":"Estofado de alto padr\u00e3o para ambientes corporativos - Marelli Blog","description":"A Marelli desenvolveu o Vigore, um estofado de alto padr\u00e3o que une robustez e eleg\u00e2ncia, sem abdicar da leveza e do minimalismo.","robots":{"index":"index","follow":"follow","max-snippet":"max-snippet:-1","max-image-preview":"max-image-preview:large","max-video-preview":"max-video-preview:-1"},"canonical":"https:\/\/www.marelli.com.br\/blog\/vigore-estofado-de-alto-padrao-para-ambientes-corporativos-modernos\/","og_locale":"pt_BR","og_type":"article","og_title":"Estofado de alto padr\u00e3o para ambientes corporativos - Marelli Blog","og_description":"A Marelli desenvolveu o Vigore, um estofado de alto padr\u00e3o que une robustez e eleg\u00e2ncia, sem abdicar da leveza e do minimalismo.","og_url":"https:\/\/www.marelli.com.br\/blog\/vigore-estofado-de-alto-padrao-para-ambientes-corporativos-modernos\/","og_site_name":"Marelli Blog","article_published_time":"2025-09-10T19:00:45+00:00","article_modified_time":"2025-09-10T19:00:47+00:00","og_image":[{"width":1856,"height":350,"url":"https:\/\/www.marelli.com.br\/blog\/wp-content\/uploads\/2025\/09\/Imagem-artigo-2_Banner-TOPO-1.png","type":"image\/png"}],"twitter_card":"summary_large_image","twitter_misc":{"Written by":"Marelli","Est. reading time":"3 minutos"},"schema":{"@context":"https:\/\/schema.org","@graph":[{"@type":"WebSite","@id":"https:\/\/www.marelli.com.br\/blog\/#website","url":"https:\/\/www.marelli.com.br\/blog\/","name":"Marelli Blog","description":"","potentialAction":[{"@type":"SearchAction","target":{"@type":"EntryPoint","urlTemplate":"https:\/\/www.marelli.com.br\/blog\/?s={search_term_string}"},"query-input":"required name=search_term_string"}],"inLanguage":"pt-BR"},{"@type":"ImageObject","inLanguage":"pt-BR","@id":"https:\/\/www.marelli.com.br\/blog\/vigore-estofado-de-alto-padrao-para-ambientes-corporativos-modernos\/#primaryimage","url":"https:\/\/www.marelli.com.br\/blog\/wp-content\/uploads\/2025\/09\/Imagem-artigo-2_Banner-TOPO-1.png","contentUrl":"https:\/\/www.marelli.com.br\/blog\/wp-content\/uploads\/2025\/09\/Imagem-artigo-2_Banner-TOPO-1.png","width":1856,"height":350},{"@type":"WebPage","@id":"https:\/\/www.marelli.com.br\/blog\/vigore-estofado-de-alto-padrao-para-ambientes-corporativos-modernos\/#webpage","url":"https:\/\/www.marelli.com.br\/blog\/vigore-estofado-de-alto-padrao-para-ambientes-corporativos-modernos\/","name":"Estofado de alto padr\u00e3o para ambientes corporativos - Marelli Blog","isPartOf":{"@id":"https:\/\/www.marelli.com.br\/blog\/#website"},"primaryImageOfPage":{"@id":"https:\/\/www.marelli.com.br\/blog\/vigore-estofado-de-alto-padrao-para-ambientes-corporativos-modernos\/#primaryimage"},"datePublished":"2025-09-10T19:00:45+00:00","dateModified":"2025-09-10T19:00:47+00:00","author":{"@id":"https:\/\/www.marelli.com.br\/blog\/#\/schema\/person\/68a06758b0b82748917625b1dbaed889"},"description":"A Marelli desenvolveu o Vigore, um estofado de alto padr\u00e3o que une robustez e eleg\u00e2ncia, sem abdicar da leveza e do minimalismo.","breadcrumb":{"@id":"https:\/\/www.marelli.com.br\/blog\/vigore-estofado-de-alto-padrao-para-ambientes-corporativos-modernos\/#breadcrumb"},"inLanguage":"pt-BR","potentialAction":[{"@type":"ReadAction","target":["https:\/\/www.marelli.com.br\/blog\/vigore-estofado-de-alto-padrao-para-ambientes-corporativos-modernos\/"]}]},{"@type":"BreadcrumbList","@id":"https:\/\/www.marelli.com.br\/blog\/vigore-estofado-de-alto-padrao-para-ambientes-corporativos-modernos\/#breadcrumb","itemListElement":[{"@type":"ListItem","position":1,"name":"Home","item":"https:\/\/www.marelli.com.br\/blog\/"},{"@type":"ListItem","position":2,"name":"Vigore: estofado de alto padr\u00e3o para ambientes corporativos modernos"}]},{"@type":"Person","@id":"https:\/\/www.marelli.com.br\/blog\/#\/schema\/person\/68a06758b0b82748917625b1dbaed889","name":"Marelli","image":{"@type":"ImageObject","inLanguage":"pt-BR","@id":"https:\/\/www.marelli.com.br\/blog\/#\/schema\/person\/image\/","url":"https:\/\/secure.gravatar.com\/avatar\/16d846803e6884dc49d44a8eac4a8ea9?s=96&d=mm&r=g","contentUrl":"https:\/\/secure.gravatar.com\/avatar\/16d846803e6884dc49d44a8eac4a8ea9?s=96&d=mm&r=g","caption":"Marelli"}}]}},"_links":{"self":[{"href":"https:\/\/www.marelli.com.br\/blog\/wp-json\/wp\/v2\/posts\/3484"}],"collection":[{"href":"https:\/\/www.marelli.com.br\/blog\/wp-json\/wp\/v2\/posts"}],"about":[{"href":"https:\/\/www.marelli.com.br\/blog\/wp-json\/wp\/v2\/types\/post"}],"author":[{"embeddable":true,"href":"https:\/\/www.marelli.com.br\/blog\/wp-json\/wp\/v2\/users\/2"}],"replies":[{"embeddable":true,"href":"https:\/\/www.marelli.com.br\/blog\/wp-json\/wp\/v2\/comments?post=3484"}],"version-history":[{"count":3,"href":"https:\/\/www.marelli.com.br\/blog\/wp-json\/wp\/v2\/posts\/3484\/revisions"}],"predecessor-version":[{"id":3491,"href":"https:\/\/www.marelli.com.br\/blog\/wp-json\/wp\/v2\/posts\/3484\/revisions\/3491"}],"wp:featuredmedia":[{"embeddable":true,"href":"https:\/\/www.marelli.com.br\/blog\/wp-json\/wp\/v2\/media\/3490"}],"wp:attachment":[{"href":"https:\/\/www.marelli.com.br\/blog\/wp-json\/wp\/v2\/media?parent=3484"}],"wp:term":[{"taxonomy":"category","embeddable":true,"href":"https:\/\/www.marelli.com.br\/blog\/wp-json\/wp\/v2\/categories?post=3484"},{"taxonomy":"post_tag","embeddable":true,"href":"https:\/\/www.marelli.com.br\/blog\/wp-json\/wp\/v2\/tags?post=3484"}],"curies":[{"name":"wp","href":"https:\/\/api.w.org\/{rel}","templated":true}]}}