{"id":3503,"date":"2025-10-14T14:00:34","date_gmt":"2025-10-14T17:00:34","guid":{"rendered":"https:\/\/www.marelli.com.br\/blog\/?p=3503"},"modified":"2025-11-21T11:26:45","modified_gmt":"2025-11-21T14:26:45","slug":"o-design-corporativo-em-sintonia-com-as-tendencias-globais","status":"publish","type":"post","link":"https:\/\/www.marelli.com.br\/blog\/o-design-corporativo-em-sintonia-com-as-tendencias-globais\/","title":{"rendered":"O design corporativo em sintonia com as tend\u00eancias globais"},"content":{"rendered":"\n<p>A forma como vivemos e trabalhamos est\u00e1 em constante transforma\u00e7\u00e3o. Os relat\u00f3rios da <a href=\"https:\/\/wgsn.com\/\">WGSN<\/a>, autoridade global em tend\u00eancias, apontam para um design corporativo que prioriza o <strong>bem-estar, a hospitalidade e a flexibilidade<\/strong>, elementos que se tornaram essenciais no dia a dia de empresas e profissionais.<\/p>\n\n\n\n<p>O escrit\u00f3rio precisa ser um ambiente de conex\u00e3o, inspira\u00e7\u00e3o e produtividade. Nesse contexto, o design se torna uma <strong>ferramenta estrat\u00e9gica para traduzir valores de acolhimento, colabora\u00e7\u00e3o e efici\u00eancia.<\/strong><\/p>\n\n\n\n<figure class=\"wp-block-image size-full\"><img loading=\"lazy\" width=\"750\" height=\"388\" src=\"https:\/\/www.marelli.com.br\/blog\/wp-content\/uploads\/2025\/10\/A-1.png\" alt=\"\" class=\"wp-image-3504\" srcset=\"https:\/\/www.marelli.com.br\/blog\/wp-content\/uploads\/2025\/10\/A-1.png 750w, https:\/\/www.marelli.com.br\/blog\/wp-content\/uploads\/2025\/10\/A-1-300x155.png 300w, https:\/\/www.marelli.com.br\/blog\/wp-content\/uploads\/2025\/10\/A-1-370x191.png 370w, https:\/\/www.marelli.com.br\/blog\/wp-content\/uploads\/2025\/10\/A-1-470x243.png 470w, https:\/\/www.marelli.com.br\/blog\/wp-content\/uploads\/2025\/10\/A-1-700x362.png 700w\" sizes=\"(max-width: 750px) 100vw, 750px\" \/><\/figure>\n\n\n\n<p>Na <a href=\"https:\/\/www.marelli.com.br\/\">Marelli<\/a>, essas tend\u00eancias se refletem em solu\u00e7\u00f5es de mobili\u00e1rio que unem <strong>ergonomia, funcionalidade e est\u00e9tica<\/strong>. Do mobili\u00e1rio modular \u00e0 integra\u00e7\u00e3o de acabamentos sofisticados, cada detalhe \u00e9 pensado para criar ambientes que estimulam a produtividade e o bem-estar.<\/p>\n\n\n\n<p>A <strong>hospitalidade<\/strong> inspirando o design corporativo, a <strong>busca por espa\u00e7os mais humanos <\/strong>e a<strong> valoriza\u00e7\u00e3o da experi\u00eancia <\/strong>do usu\u00e1rio s\u00e3o movimentos que j\u00e1 fazem parte do nosso portf\u00f3lio. Nossas solu\u00e7\u00f5es se adaptam \u00e0s novas demandas do mundo corporativo, criando ambientes preparados para o futuro.<\/p>\n\n\n\n<figure class=\"wp-block-image size-full\"><img loading=\"lazy\" width=\"750\" height=\"388\" src=\"https:\/\/www.marelli.com.br\/blog\/wp-content\/uploads\/2025\/10\/B-1-1.png\" alt=\"\" class=\"wp-image-3505\" srcset=\"https:\/\/www.marelli.com.br\/blog\/wp-content\/uploads\/2025\/10\/B-1-1.png 750w, https:\/\/www.marelli.com.br\/blog\/wp-content\/uploads\/2025\/10\/B-1-1-300x155.png 300w, https:\/\/www.marelli.com.br\/blog\/wp-content\/uploads\/2025\/10\/B-1-1-370x191.png 370w, https:\/\/www.marelli.com.br\/blog\/wp-content\/uploads\/2025\/10\/B-1-1-470x243.png 470w, https:\/\/www.marelli.com.br\/blog\/wp-content\/uploads\/2025\/10\/B-1-1-700x362.png 700w\" sizes=\"(max-width: 750px) 100vw, 750px\" \/><\/figure>\n\n\n\n<p>Seja em escrit\u00f3rios executivos, \u00e1reas colaborativas ou espa\u00e7os de descanso, a versatilidade dos produtos traduz as <strong>principais tend\u00eancias globais<\/strong> em projetos que impactam pessoas e resultados.<\/p>\n\n\n\n<p>Quer levar as principais tend\u00eancias globais para os seus projetos? Acesse o site da <a href=\"https:\/\/www.marelli.com.br\/\">Marelli<\/a> e descubra nossas solu\u00e7\u00f5es.<\/p>\n","protected":false},"excerpt":{"rendered":"<p>A forma como vivemos e trabalhamos est\u00e1 em constante transforma\u00e7\u00e3o. Os relat\u00f3rios da WGSN, autoridade global em tend\u00eancias, apontam para um design corporativo que prioriza o bem-estar, a hospitalidade e a flexibilidade, elementos que se tornaram essenciais no&hellip;<\/p>\n","protected":false},"author":2,"featured_media":3506,"comment_status":"closed","ping_status":"open","sticky":true,"template":"","format":"standard","meta":[],"categories":[48,51,63,64],"tags":[68,78],"yoast_head":"<!-- This site is optimized with the Yoast SEO plugin v19.1 - https:\/\/yoast.com\/wordpress\/plugins\/seo\/ -->\n<title>O design corporativo em sintonia com as tend\u00eancias globais - Marelli Blog<\/title>\n<meta name=\"description\" content=\"As tend\u00eancias apontam para um design corporativo que prioriza o bem-estar. Na Marelli, isso se reflete em solu\u00e7\u00f5es de mobili\u00e1rio atualizadas.\" \/>\n<meta name=\"robots\" content=\"index, follow, max-snippet:-1, max-image-preview:large, max-video-preview:-1\" \/>\n<link rel=\"canonical\" href=\"https:\/\/www.marelli.com.br\/blog\/o-design-corporativo-em-sintonia-com-as-tendencias-globais\/\" \/>\n<meta property=\"og:locale\" content=\"pt_BR\" \/>\n<meta property=\"og:type\" content=\"article\" \/>\n<meta property=\"og:title\" content=\"O design corporativo em sintonia com as tend\u00eancias globais - Marelli Blog\" \/>\n<meta property=\"og:description\" content=\"As tend\u00eancias apontam para um design corporativo que prioriza o bem-estar. Na Marelli, isso se reflete em solu\u00e7\u00f5es de mobili\u00e1rio atualizadas.\" \/>\n<meta property=\"og:url\" content=\"https:\/\/www.marelli.com.br\/blog\/o-design-corporativo-em-sintonia-com-as-tendencias-globais\/\" \/>\n<meta property=\"og:site_name\" content=\"Marelli Blog\" \/>\n<meta property=\"article:published_time\" content=\"2025-10-14T17:00:34+00:00\" \/>\n<meta property=\"article:modified_time\" content=\"2025-11-21T14:26:45+00:00\" \/>\n<meta property=\"og:image\" content=\"https:\/\/www.marelli.com.br\/blog\/wp-content\/uploads\/2025\/10\/Imagem-artigo-2_Banner-TOPO-1.png\" \/>\n\t<meta property=\"og:image:width\" content=\"1856\" \/>\n\t<meta property=\"og:image:height\" content=\"350\" \/>\n\t<meta property=\"og:image:type\" content=\"image\/png\" \/>\n<meta name=\"twitter:card\" content=\"summary_large_image\" \/>\n<meta name=\"twitter:label1\" content=\"Written by\" \/>\n\t<meta name=\"twitter:data1\" content=\"Marelli\" \/>\n\t<meta name=\"twitter:label2\" content=\"Est. reading time\" \/>\n\t<meta name=\"twitter:data2\" content=\"2 minutos\" \/>\n<script type=\"application\/ld+json\" class=\"yoast-schema-graph\">{\"@context\":\"https:\/\/schema.org\",\"@graph\":[{\"@type\":\"WebSite\",\"@id\":\"https:\/\/www.marelli.com.br\/blog\/#website\",\"url\":\"https:\/\/www.marelli.com.br\/blog\/\",\"name\":\"Marelli Blog\",\"description\":\"\",\"potentialAction\":[{\"@type\":\"SearchAction\",\"target\":{\"@type\":\"EntryPoint\",\"urlTemplate\":\"https:\/\/www.marelli.com.br\/blog\/?s={search_term_string}\"},\"query-input\":\"required name=search_term_string\"}],\"inLanguage\":\"pt-BR\"},{\"@type\":\"ImageObject\",\"inLanguage\":\"pt-BR\",\"@id\":\"https:\/\/www.marelli.com.br\/blog\/o-design-corporativo-em-sintonia-com-as-tendencias-globais\/#primaryimage\",\"url\":\"https:\/\/www.marelli.com.br\/blog\/wp-content\/uploads\/2025\/10\/Imagem-artigo-2_Banner-TOPO-1.png\",\"contentUrl\":\"https:\/\/www.marelli.com.br\/blog\/wp-content\/uploads\/2025\/10\/Imagem-artigo-2_Banner-TOPO-1.png\",\"width\":1856,\"height\":350},{\"@type\":\"WebPage\",\"@id\":\"https:\/\/www.marelli.com.br\/blog\/o-design-corporativo-em-sintonia-com-as-tendencias-globais\/#webpage\",\"url\":\"https:\/\/www.marelli.com.br\/blog\/o-design-corporativo-em-sintonia-com-as-tendencias-globais\/\",\"name\":\"O design corporativo em sintonia com as tend\u00eancias globais - Marelli Blog\",\"isPartOf\":{\"@id\":\"https:\/\/www.marelli.com.br\/blog\/#website\"},\"primaryImageOfPage\":{\"@id\":\"https:\/\/www.marelli.com.br\/blog\/o-design-corporativo-em-sintonia-com-as-tendencias-globais\/#primaryimage\"},\"datePublished\":\"2025-10-14T17:00:34+00:00\",\"dateModified\":\"2025-11-21T14:26:45+00:00\",\"author\":{\"@id\":\"https:\/\/www.marelli.com.br\/blog\/#\/schema\/person\/68a06758b0b82748917625b1dbaed889\"},\"description\":\"As tend\u00eancias apontam para um design corporativo que prioriza o bem-estar. Na Marelli, isso se reflete em solu\u00e7\u00f5es de mobili\u00e1rio atualizadas.\",\"breadcrumb\":{\"@id\":\"https:\/\/www.marelli.com.br\/blog\/o-design-corporativo-em-sintonia-com-as-tendencias-globais\/#breadcrumb\"},\"inLanguage\":\"pt-BR\",\"potentialAction\":[{\"@type\":\"ReadAction\",\"target\":[\"https:\/\/www.marelli.com.br\/blog\/o-design-corporativo-em-sintonia-com-as-tendencias-globais\/\"]}]},{\"@type\":\"BreadcrumbList\",\"@id\":\"https:\/\/www.marelli.com.br\/blog\/o-design-corporativo-em-sintonia-com-as-tendencias-globais\/#breadcrumb\",\"itemListElement\":[{\"@type\":\"ListItem\",\"position\":1,\"name\":\"Home\",\"item\":\"https:\/\/www.marelli.com.br\/blog\/\"},{\"@type\":\"ListItem\",\"position\":2,\"name\":\"O design corporativo em sintonia com as tend\u00eancias globais\"}]},{\"@type\":\"Person\",\"@id\":\"https:\/\/www.marelli.com.br\/blog\/#\/schema\/person\/68a06758b0b82748917625b1dbaed889\",\"name\":\"Marelli\",\"image\":{\"@type\":\"ImageObject\",\"inLanguage\":\"pt-BR\",\"@id\":\"https:\/\/www.marelli.com.br\/blog\/#\/schema\/person\/image\/\",\"url\":\"https:\/\/secure.gravatar.com\/avatar\/16d846803e6884dc49d44a8eac4a8ea9?s=96&d=mm&r=g\",\"contentUrl\":\"https:\/\/secure.gravatar.com\/avatar\/16d846803e6884dc49d44a8eac4a8ea9?s=96&d=mm&r=g\",\"caption\":\"Marelli\"}}]}<\/script>\n<!-- \/ Yoast SEO plugin. -->","yoast_head_json":{"title":"O design corporativo em sintonia com as tend\u00eancias globais - Marelli Blog","description":"As tend\u00eancias apontam para um design corporativo que prioriza o bem-estar. Na Marelli, isso se reflete em solu\u00e7\u00f5es de mobili\u00e1rio atualizadas.","robots":{"index":"index","follow":"follow","max-snippet":"max-snippet:-1","max-image-preview":"max-image-preview:large","max-video-preview":"max-video-preview:-1"},"canonical":"https:\/\/www.marelli.com.br\/blog\/o-design-corporativo-em-sintonia-com-as-tendencias-globais\/","og_locale":"pt_BR","og_type":"article","og_title":"O design corporativo em sintonia com as tend\u00eancias globais - Marelli Blog","og_description":"As tend\u00eancias apontam para um design corporativo que prioriza o bem-estar. Na Marelli, isso se reflete em solu\u00e7\u00f5es de mobili\u00e1rio atualizadas.","og_url":"https:\/\/www.marelli.com.br\/blog\/o-design-corporativo-em-sintonia-com-as-tendencias-globais\/","og_site_name":"Marelli Blog","article_published_time":"2025-10-14T17:00:34+00:00","article_modified_time":"2025-11-21T14:26:45+00:00","og_image":[{"width":1856,"height":350,"url":"https:\/\/www.marelli.com.br\/blog\/wp-content\/uploads\/2025\/10\/Imagem-artigo-2_Banner-TOPO-1.png","type":"image\/png"}],"twitter_card":"summary_large_image","twitter_misc":{"Written by":"Marelli","Est. reading time":"2 minutos"},"schema":{"@context":"https:\/\/schema.org","@graph":[{"@type":"WebSite","@id":"https:\/\/www.marelli.com.br\/blog\/#website","url":"https:\/\/www.marelli.com.br\/blog\/","name":"Marelli Blog","description":"","potentialAction":[{"@type":"SearchAction","target":{"@type":"EntryPoint","urlTemplate":"https:\/\/www.marelli.com.br\/blog\/?s={search_term_string}"},"query-input":"required name=search_term_string"}],"inLanguage":"pt-BR"},{"@type":"ImageObject","inLanguage":"pt-BR","@id":"https:\/\/www.marelli.com.br\/blog\/o-design-corporativo-em-sintonia-com-as-tendencias-globais\/#primaryimage","url":"https:\/\/www.marelli.com.br\/blog\/wp-content\/uploads\/2025\/10\/Imagem-artigo-2_Banner-TOPO-1.png","contentUrl":"https:\/\/www.marelli.com.br\/blog\/wp-content\/uploads\/2025\/10\/Imagem-artigo-2_Banner-TOPO-1.png","width":1856,"height":350},{"@type":"WebPage","@id":"https:\/\/www.marelli.com.br\/blog\/o-design-corporativo-em-sintonia-com-as-tendencias-globais\/#webpage","url":"https:\/\/www.marelli.com.br\/blog\/o-design-corporativo-em-sintonia-com-as-tendencias-globais\/","name":"O design corporativo em sintonia com as tend\u00eancias globais - Marelli Blog","isPartOf":{"@id":"https:\/\/www.marelli.com.br\/blog\/#website"},"primaryImageOfPage":{"@id":"https:\/\/www.marelli.com.br\/blog\/o-design-corporativo-em-sintonia-com-as-tendencias-globais\/#primaryimage"},"datePublished":"2025-10-14T17:00:34+00:00","dateModified":"2025-11-21T14:26:45+00:00","author":{"@id":"https:\/\/www.marelli.com.br\/blog\/#\/schema\/person\/68a06758b0b82748917625b1dbaed889"},"description":"As tend\u00eancias apontam para um design corporativo que prioriza o bem-estar. Na Marelli, isso se reflete em solu\u00e7\u00f5es de mobili\u00e1rio atualizadas.","breadcrumb":{"@id":"https:\/\/www.marelli.com.br\/blog\/o-design-corporativo-em-sintonia-com-as-tendencias-globais\/#breadcrumb"},"inLanguage":"pt-BR","potentialAction":[{"@type":"ReadAction","target":["https:\/\/www.marelli.com.br\/blog\/o-design-corporativo-em-sintonia-com-as-tendencias-globais\/"]}]},{"@type":"BreadcrumbList","@id":"https:\/\/www.marelli.com.br\/blog\/o-design-corporativo-em-sintonia-com-as-tendencias-globais\/#breadcrumb","itemListElement":[{"@type":"ListItem","position":1,"name":"Home","item":"https:\/\/www.marelli.com.br\/blog\/"},{"@type":"ListItem","position":2,"name":"O design corporativo em sintonia com as tend\u00eancias globais"}]},{"@type":"Person","@id":"https:\/\/www.marelli.com.br\/blog\/#\/schema\/person\/68a06758b0b82748917625b1dbaed889","name":"Marelli","image":{"@type":"ImageObject","inLanguage":"pt-BR","@id":"https:\/\/www.marelli.com.br\/blog\/#\/schema\/person\/image\/","url":"https:\/\/secure.gravatar.com\/avatar\/16d846803e6884dc49d44a8eac4a8ea9?s=96&d=mm&r=g","contentUrl":"https:\/\/secure.gravatar.com\/avatar\/16d846803e6884dc49d44a8eac4a8ea9?s=96&d=mm&r=g","caption":"Marelli"}}]}},"_links":{"self":[{"href":"https:\/\/www.marelli.com.br\/blog\/wp-json\/wp\/v2\/posts\/3503"}],"collection":[{"href":"https:\/\/www.marelli.com.br\/blog\/wp-json\/wp\/v2\/posts"}],"about":[{"href":"https:\/\/www.marelli.com.br\/blog\/wp-json\/wp\/v2\/types\/post"}],"author":[{"embeddable":true,"href":"https:\/\/www.marelli.com.br\/blog\/wp-json\/wp\/v2\/users\/2"}],"replies":[{"embeddable":true,"href":"https:\/\/www.marelli.com.br\/blog\/wp-json\/wp\/v2\/comments?post=3503"}],"version-history":[{"count":1,"href":"https:\/\/www.marelli.com.br\/blog\/wp-json\/wp\/v2\/posts\/3503\/revisions"}],"predecessor-version":[{"id":3507,"href":"https:\/\/www.marelli.com.br\/blog\/wp-json\/wp\/v2\/posts\/3503\/revisions\/3507"}],"wp:featuredmedia":[{"embeddable":true,"href":"https:\/\/www.marelli.com.br\/blog\/wp-json\/wp\/v2\/media\/3506"}],"wp:attachment":[{"href":"https:\/\/www.marelli.com.br\/blog\/wp-json\/wp\/v2\/media?parent=3503"}],"wp:term":[{"taxonomy":"category","embeddable":true,"href":"https:\/\/www.marelli.com.br\/blog\/wp-json\/wp\/v2\/categories?post=3503"},{"taxonomy":"post_tag","embeddable":true,"href":"https:\/\/www.marelli.com.br\/blog\/wp-json\/wp\/v2\/tags?post=3503"}],"curies":[{"name":"wp","href":"https:\/\/api.w.org\/{rel}","templated":true}]}}