{"id":3541,"date":"2026-01-21T08:00:00","date_gmt":"2026-01-21T11:00:00","guid":{"rendered":"https:\/\/www.marelli.com.br\/blog\/?p=3541"},"modified":"2026-01-22T10:25:34","modified_gmt":"2026-01-22T13:25:34","slug":"altaro-design-contemporaneo-e-performance-se-combinam-na-nova-cadeira-marelli%ef%bf%bc","status":"publish","type":"post","link":"https:\/\/www.marelli.com.br\/blog\/altaro-design-contemporaneo-e-performance-se-combinam-na-nova-cadeira-marelli%ef%bf%bc\/","title":{"rendered":"Altaro: design contempor\u00e2neo e performance se combinam na nova cadeira Marelli\ufffc"},"content":{"rendered":"\n<p>A <a href=\"https:\/\/www.marelli.com.br\/\">Marelli<\/a> segue ampliando seu portf\u00f3lio com solu\u00e7\u00f5es que refletem a evolu\u00e7\u00e3o dos ambientes corporativos e o perfil das novas lideran\u00e7as. O lan\u00e7amento da Altaro refor\u00e7a esse movimento ao trazer ao mercado uma cadeira para escrit\u00f3rio com design contempor\u00e2neo e performance, atendendo um p\u00fablico que valoriza estilo, modernidade e personalidade no local de trabalho.<\/p>\n\n\n\n<figure class=\"wp-block-image size-full\"><img loading=\"lazy\" width=\"750\" height=\"565\" src=\"https:\/\/www.marelli.com.br\/blog\/wp-content\/uploads\/2026\/01\/Imagem-1-Corpo-Artigo-de-blog-Altaro-Marelli.png\" alt=\"\" class=\"wp-image-3542\" srcset=\"https:\/\/www.marelli.com.br\/blog\/wp-content\/uploads\/2026\/01\/Imagem-1-Corpo-Artigo-de-blog-Altaro-Marelli.png 750w, https:\/\/www.marelli.com.br\/blog\/wp-content\/uploads\/2026\/01\/Imagem-1-Corpo-Artigo-de-blog-Altaro-Marelli-300x226.png 300w, https:\/\/www.marelli.com.br\/blog\/wp-content\/uploads\/2026\/01\/Imagem-1-Corpo-Artigo-de-blog-Altaro-Marelli-370x279.png 370w, https:\/\/www.marelli.com.br\/blog\/wp-content\/uploads\/2026\/01\/Imagem-1-Corpo-Artigo-de-blog-Altaro-Marelli-470x354.png 470w, https:\/\/www.marelli.com.br\/blog\/wp-content\/uploads\/2026\/01\/Imagem-1-Corpo-Artigo-de-blog-Altaro-Marelli-700x527.png 700w\" sizes=\"(max-width: 750px) 100vw, 750px\" \/><\/figure>\n\n\n\n<p>Ela nasce como uma cadeira pensada para quem enxerga o escrit\u00f3rio como um ativo estrat\u00e9gico de marca. \u00c9 uma pe\u00e7a que qualifica o espa\u00e7o sem competir com ele, traduzindo equil\u00edbrio, leveza e sofistica\u00e7\u00e3o. Suas linhas bem definidas, propor\u00e7\u00f5es harm\u00f4nicas e acabamentos precisos evidenciam um design que acompanha o tempo, transmitindo eleg\u00e2ncia de forma sutil e autoral.<\/p>\n\n\n\n<h3><strong><strong><strong>Tecnologia e conforto aplicados ao design corporativo<\/strong><\/strong><\/strong><\/h3>\n\n\n\n<p>Al\u00e9m do design, ela conta com opcional de espaldar m\u00e9dio e alto com apoio de cabe\u00e7a fixo e assento, ambos em espuma anat\u00f4mica de poliuretano injetado com densidade 50 kg\/m\u00b3. Suportando peso m\u00e1ximo de at\u00e9 110 kg, garantem conforto na medida certa para rotina do dia a dia. A estrutura conta com conchas pl\u00e1sticas de alta resist\u00eancia, produzidas com materiais sustent\u00e1veis e isentas de madeira, refor\u00e7ando o compromisso da marca com solu\u00e7\u00f5es alinhadas a pr\u00e1ticas sustent\u00e1veis.<\/p>\n\n\n\n<p>Uma base girat\u00f3ria em alum\u00ednio polido, o mecanismo sincronizado com quatro posi\u00e7\u00f5es de travamento, o ajuste de tens\u00e3o por man\u00edpulo lateral e os bra\u00e7os fixos em alum\u00ednio com acabamento em tecido elevam a robustez do conjunto. A certifica\u00e7\u00e3o internacional ANSI\/BIFMA X5.1 2017 assegura conformidade com normas de qualidade e seguran\u00e7a reconhecidas globalmente.<\/p>\n\n\n\n<figure class=\"wp-block-image size-full\"><img loading=\"lazy\" width=\"750\" height=\"302\" src=\"https:\/\/www.marelli.com.br\/blog\/wp-content\/uploads\/2026\/01\/Imagem-2-Corpo-Artigo-de-blog-Altaro-Marelli.png\" alt=\"\" class=\"wp-image-3543\" srcset=\"https:\/\/www.marelli.com.br\/blog\/wp-content\/uploads\/2026\/01\/Imagem-2-Corpo-Artigo-de-blog-Altaro-Marelli.png 750w, https:\/\/www.marelli.com.br\/blog\/wp-content\/uploads\/2026\/01\/Imagem-2-Corpo-Artigo-de-blog-Altaro-Marelli-300x121.png 300w, https:\/\/www.marelli.com.br\/blog\/wp-content\/uploads\/2026\/01\/Imagem-2-Corpo-Artigo-de-blog-Altaro-Marelli-370x149.png 370w, https:\/\/www.marelli.com.br\/blog\/wp-content\/uploads\/2026\/01\/Imagem-2-Corpo-Artigo-de-blog-Altaro-Marelli-470x189.png 470w, https:\/\/www.marelli.com.br\/blog\/wp-content\/uploads\/2026\/01\/Imagem-2-Corpo-Artigo-de-blog-Altaro-Marelli-700x282.png 700w\" sizes=\"(max-width: 750px) 100vw, 750px\" \/><\/figure>\n\n\n\n<p>O design tamb\u00e9m se expressa na paleta de acabamentos. Est\u00e1 dispon\u00edvel em vers\u00f5es com revestimento em couro sint\u00e9tico, com op\u00e7\u00f5es em caramelo e preto. Elas s\u00e3o combinadas a estruturas em alum\u00ednio fosco ou pintura tonalizada que refor\u00e7am o car\u00e1ter contempor\u00e2neo da linha. S\u00e3o detalhes que ampliam a versatilidade para projetos corporativos, permitindo que arquitetos, designers de interiores e profissionais de compras integrem a cadeira em propostas que buscam eleg\u00e2ncia sem excessos.<\/p>\n\n\n\n<p>Com esse lan\u00e7amento, a <a href=\"https:\/\/www.marelli.com.br\/\">Marelli<\/a> refor\u00e7a sua atua\u00e7\u00e3o em oferecer solu\u00e7\u00f5es completas para espa\u00e7os de trabalho, ampliando possibilidades para quem projeta e para quem utiliza. A Altaro chega como um novo cap\u00edtulo dessa jornada. Onde conforto, design contempor\u00e2neo e performance se encontram para entregar valor real ao ambiente corporativo.<\/p>\n\n\n\n<p><\/p>\n\n\n\n<p><\/p>\n","protected":false},"excerpt":{"rendered":"<p>A Marelli segue ampliando seu portf\u00f3lio com solu\u00e7\u00f5es que refletem a evolu\u00e7\u00e3o dos ambientes corporativos e o perfil das novas lideran\u00e7as. O lan\u00e7amento da Altaro refor\u00e7a esse movimento ao trazer ao mercado uma cadeira para escrit\u00f3rio com design&hellip;<\/p>\n","protected":false},"author":2,"featured_media":3550,"comment_status":"closed","ping_status":"open","sticky":true,"template":"","format":"standard","meta":[],"categories":[51,64],"tags":[76,80,68,81],"yoast_head":"<!-- This site is optimized with the Yoast SEO plugin v19.1 - https:\/\/yoast.com\/wordpress\/plugins\/seo\/ -->\n<title>Altaro: design contempor\u00e2neo e performance se combinam na nova cadeira Marelli\ufffc - Marelli Blog<\/title>\n<meta name=\"description\" content=\"Com design contempor\u00e2neo e performance, a cadeira Altaro da Marelli entrega conforto e eleg\u00e2ncia para projetos corporativos.\" \/>\n<meta name=\"robots\" content=\"index, follow, max-snippet:-1, max-image-preview:large, max-video-preview:-1\" \/>\n<link rel=\"canonical\" href=\"https:\/\/www.marelli.com.br\/blog\/altaro-design-contemporaneo-e-performance-se-combinam-na-nova-cadeira-marelli\ufffc\/\" \/>\n<meta property=\"og:locale\" content=\"pt_BR\" \/>\n<meta property=\"og:type\" content=\"article\" \/>\n<meta property=\"og:title\" content=\"Altaro: design contempor\u00e2neo e performance se combinam na nova cadeira Marelli\ufffc - Marelli Blog\" \/>\n<meta property=\"og:description\" content=\"Com design contempor\u00e2neo e performance, a cadeira Altaro da Marelli entrega conforto e eleg\u00e2ncia para projetos corporativos.\" \/>\n<meta property=\"og:url\" content=\"https:\/\/www.marelli.com.br\/blog\/altaro-design-contemporaneo-e-performance-se-combinam-na-nova-cadeira-marelli\ufffc\/\" \/>\n<meta property=\"og:site_name\" content=\"Marelli Blog\" \/>\n<meta property=\"article:published_time\" content=\"2026-01-21T11:00:00+00:00\" \/>\n<meta property=\"article:modified_time\" content=\"2026-01-22T13:25:34+00:00\" \/>\n<meta property=\"og:image\" content=\"https:\/\/www.marelli.com.br\/blog\/wp-content\/uploads\/2026\/01\/Imagem-topo.png\" \/>\n\t<meta property=\"og:image:width\" content=\"1856\" \/>\n\t<meta property=\"og:image:height\" content=\"350\" \/>\n\t<meta property=\"og:image:type\" content=\"image\/png\" \/>\n<meta name=\"twitter:card\" content=\"summary_large_image\" \/>\n<meta name=\"twitter:label1\" content=\"Written by\" \/>\n\t<meta name=\"twitter:data1\" content=\"Marelli\" \/>\n\t<meta name=\"twitter:label2\" content=\"Est. reading time\" \/>\n\t<meta name=\"twitter:data2\" content=\"3 minutos\" \/>\n<script type=\"application\/ld+json\" class=\"yoast-schema-graph\">{\"@context\":\"https:\/\/schema.org\",\"@graph\":[{\"@type\":\"WebSite\",\"@id\":\"https:\/\/www.marelli.com.br\/blog\/#website\",\"url\":\"https:\/\/www.marelli.com.br\/blog\/\",\"name\":\"Marelli Blog\",\"description\":\"\",\"potentialAction\":[{\"@type\":\"SearchAction\",\"target\":{\"@type\":\"EntryPoint\",\"urlTemplate\":\"https:\/\/www.marelli.com.br\/blog\/?s={search_term_string}\"},\"query-input\":\"required name=search_term_string\"}],\"inLanguage\":\"pt-BR\"},{\"@type\":\"ImageObject\",\"inLanguage\":\"pt-BR\",\"@id\":\"https:\/\/www.marelli.com.br\/blog\/altaro-design-contemporaneo-e-performance-se-combinam-na-nova-cadeira-marelli%ef%bf%bc\/#primaryimage\",\"url\":\"https:\/\/www.marelli.com.br\/blog\/wp-content\/uploads\/2026\/01\/Imagem-topo.png\",\"contentUrl\":\"https:\/\/www.marelli.com.br\/blog\/wp-content\/uploads\/2026\/01\/Imagem-topo.png\",\"width\":1856,\"height\":350},{\"@type\":\"WebPage\",\"@id\":\"https:\/\/www.marelli.com.br\/blog\/altaro-design-contemporaneo-e-performance-se-combinam-na-nova-cadeira-marelli%ef%bf%bc\/#webpage\",\"url\":\"https:\/\/www.marelli.com.br\/blog\/altaro-design-contemporaneo-e-performance-se-combinam-na-nova-cadeira-marelli%ef%bf%bc\/\",\"name\":\"Altaro: design contempor\u00e2neo e performance se combinam na nova cadeira Marelli\ufffc - Marelli Blog\",\"isPartOf\":{\"@id\":\"https:\/\/www.marelli.com.br\/blog\/#website\"},\"primaryImageOfPage\":{\"@id\":\"https:\/\/www.marelli.com.br\/blog\/altaro-design-contemporaneo-e-performance-se-combinam-na-nova-cadeira-marelli%ef%bf%bc\/#primaryimage\"},\"datePublished\":\"2026-01-21T11:00:00+00:00\",\"dateModified\":\"2026-01-22T13:25:34+00:00\",\"author\":{\"@id\":\"https:\/\/www.marelli.com.br\/blog\/#\/schema\/person\/68a06758b0b82748917625b1dbaed889\"},\"description\":\"Com design contempor\u00e2neo e performance, a cadeira Altaro da Marelli entrega conforto e eleg\u00e2ncia para projetos corporativos.\",\"breadcrumb\":{\"@id\":\"https:\/\/www.marelli.com.br\/blog\/altaro-design-contemporaneo-e-performance-se-combinam-na-nova-cadeira-marelli%ef%bf%bc\/#breadcrumb\"},\"inLanguage\":\"pt-BR\",\"potentialAction\":[{\"@type\":\"ReadAction\",\"target\":[\"https:\/\/www.marelli.com.br\/blog\/altaro-design-contemporaneo-e-performance-se-combinam-na-nova-cadeira-marelli%ef%bf%bc\/\"]}]},{\"@type\":\"BreadcrumbList\",\"@id\":\"https:\/\/www.marelli.com.br\/blog\/altaro-design-contemporaneo-e-performance-se-combinam-na-nova-cadeira-marelli%ef%bf%bc\/#breadcrumb\",\"itemListElement\":[{\"@type\":\"ListItem\",\"position\":1,\"name\":\"Home\",\"item\":\"https:\/\/www.marelli.com.br\/blog\/\"},{\"@type\":\"ListItem\",\"position\":2,\"name\":\"Altaro: design contempor\u00e2neo e performance se combinam na nova cadeira Marelli\ufffc\"}]},{\"@type\":\"Person\",\"@id\":\"https:\/\/www.marelli.com.br\/blog\/#\/schema\/person\/68a06758b0b82748917625b1dbaed889\",\"name\":\"Marelli\",\"image\":{\"@type\":\"ImageObject\",\"inLanguage\":\"pt-BR\",\"@id\":\"https:\/\/www.marelli.com.br\/blog\/#\/schema\/person\/image\/\",\"url\":\"https:\/\/secure.gravatar.com\/avatar\/16d846803e6884dc49d44a8eac4a8ea9?s=96&d=mm&r=g\",\"contentUrl\":\"https:\/\/secure.gravatar.com\/avatar\/16d846803e6884dc49d44a8eac4a8ea9?s=96&d=mm&r=g\",\"caption\":\"Marelli\"}}]}<\/script>\n<!-- \/ Yoast SEO plugin. -->","yoast_head_json":{"title":"Altaro: design contempor\u00e2neo e performance se combinam na nova cadeira Marelli\ufffc - Marelli Blog","description":"Com design contempor\u00e2neo e performance, a cadeira Altaro da Marelli entrega conforto e eleg\u00e2ncia para projetos corporativos.","robots":{"index":"index","follow":"follow","max-snippet":"max-snippet:-1","max-image-preview":"max-image-preview:large","max-video-preview":"max-video-preview:-1"},"canonical":"https:\/\/www.marelli.com.br\/blog\/altaro-design-contemporaneo-e-performance-se-combinam-na-nova-cadeira-marelli\ufffc\/","og_locale":"pt_BR","og_type":"article","og_title":"Altaro: design contempor\u00e2neo e performance se combinam na nova cadeira Marelli\ufffc - Marelli Blog","og_description":"Com design contempor\u00e2neo e performance, a cadeira Altaro da Marelli entrega conforto e eleg\u00e2ncia para projetos corporativos.","og_url":"https:\/\/www.marelli.com.br\/blog\/altaro-design-contemporaneo-e-performance-se-combinam-na-nova-cadeira-marelli\ufffc\/","og_site_name":"Marelli Blog","article_published_time":"2026-01-21T11:00:00+00:00","article_modified_time":"2026-01-22T13:25:34+00:00","og_image":[{"width":1856,"height":350,"url":"https:\/\/www.marelli.com.br\/blog\/wp-content\/uploads\/2026\/01\/Imagem-topo.png","type":"image\/png"}],"twitter_card":"summary_large_image","twitter_misc":{"Written by":"Marelli","Est. reading time":"3 minutos"},"schema":{"@context":"https:\/\/schema.org","@graph":[{"@type":"WebSite","@id":"https:\/\/www.marelli.com.br\/blog\/#website","url":"https:\/\/www.marelli.com.br\/blog\/","name":"Marelli Blog","description":"","potentialAction":[{"@type":"SearchAction","target":{"@type":"EntryPoint","urlTemplate":"https:\/\/www.marelli.com.br\/blog\/?s={search_term_string}"},"query-input":"required name=search_term_string"}],"inLanguage":"pt-BR"},{"@type":"ImageObject","inLanguage":"pt-BR","@id":"https:\/\/www.marelli.com.br\/blog\/altaro-design-contemporaneo-e-performance-se-combinam-na-nova-cadeira-marelli%ef%bf%bc\/#primaryimage","url":"https:\/\/www.marelli.com.br\/blog\/wp-content\/uploads\/2026\/01\/Imagem-topo.png","contentUrl":"https:\/\/www.marelli.com.br\/blog\/wp-content\/uploads\/2026\/01\/Imagem-topo.png","width":1856,"height":350},{"@type":"WebPage","@id":"https:\/\/www.marelli.com.br\/blog\/altaro-design-contemporaneo-e-performance-se-combinam-na-nova-cadeira-marelli%ef%bf%bc\/#webpage","url":"https:\/\/www.marelli.com.br\/blog\/altaro-design-contemporaneo-e-performance-se-combinam-na-nova-cadeira-marelli%ef%bf%bc\/","name":"Altaro: design contempor\u00e2neo e performance se combinam na nova cadeira Marelli\ufffc - Marelli Blog","isPartOf":{"@id":"https:\/\/www.marelli.com.br\/blog\/#website"},"primaryImageOfPage":{"@id":"https:\/\/www.marelli.com.br\/blog\/altaro-design-contemporaneo-e-performance-se-combinam-na-nova-cadeira-marelli%ef%bf%bc\/#primaryimage"},"datePublished":"2026-01-21T11:00:00+00:00","dateModified":"2026-01-22T13:25:34+00:00","author":{"@id":"https:\/\/www.marelli.com.br\/blog\/#\/schema\/person\/68a06758b0b82748917625b1dbaed889"},"description":"Com design contempor\u00e2neo e performance, a cadeira Altaro da Marelli entrega conforto e eleg\u00e2ncia para projetos corporativos.","breadcrumb":{"@id":"https:\/\/www.marelli.com.br\/blog\/altaro-design-contemporaneo-e-performance-se-combinam-na-nova-cadeira-marelli%ef%bf%bc\/#breadcrumb"},"inLanguage":"pt-BR","potentialAction":[{"@type":"ReadAction","target":["https:\/\/www.marelli.com.br\/blog\/altaro-design-contemporaneo-e-performance-se-combinam-na-nova-cadeira-marelli%ef%bf%bc\/"]}]},{"@type":"BreadcrumbList","@id":"https:\/\/www.marelli.com.br\/blog\/altaro-design-contemporaneo-e-performance-se-combinam-na-nova-cadeira-marelli%ef%bf%bc\/#breadcrumb","itemListElement":[{"@type":"ListItem","position":1,"name":"Home","item":"https:\/\/www.marelli.com.br\/blog\/"},{"@type":"ListItem","position":2,"name":"Altaro: design contempor\u00e2neo e performance se combinam na nova cadeira Marelli\ufffc"}]},{"@type":"Person","@id":"https:\/\/www.marelli.com.br\/blog\/#\/schema\/person\/68a06758b0b82748917625b1dbaed889","name":"Marelli","image":{"@type":"ImageObject","inLanguage":"pt-BR","@id":"https:\/\/www.marelli.com.br\/blog\/#\/schema\/person\/image\/","url":"https:\/\/secure.gravatar.com\/avatar\/16d846803e6884dc49d44a8eac4a8ea9?s=96&d=mm&r=g","contentUrl":"https:\/\/secure.gravatar.com\/avatar\/16d846803e6884dc49d44a8eac4a8ea9?s=96&d=mm&r=g","caption":"Marelli"}}]}},"_links":{"self":[{"href":"https:\/\/www.marelli.com.br\/blog\/wp-json\/wp\/v2\/posts\/3541"}],"collection":[{"href":"https:\/\/www.marelli.com.br\/blog\/wp-json\/wp\/v2\/posts"}],"about":[{"href":"https:\/\/www.marelli.com.br\/blog\/wp-json\/wp\/v2\/types\/post"}],"author":[{"embeddable":true,"href":"https:\/\/www.marelli.com.br\/blog\/wp-json\/wp\/v2\/users\/2"}],"replies":[{"embeddable":true,"href":"https:\/\/www.marelli.com.br\/blog\/wp-json\/wp\/v2\/comments?post=3541"}],"version-history":[{"count":3,"href":"https:\/\/www.marelli.com.br\/blog\/wp-json\/wp\/v2\/posts\/3541\/revisions"}],"predecessor-version":[{"id":3549,"href":"https:\/\/www.marelli.com.br\/blog\/wp-json\/wp\/v2\/posts\/3541\/revisions\/3549"}],"wp:featuredmedia":[{"embeddable":true,"href":"https:\/\/www.marelli.com.br\/blog\/wp-json\/wp\/v2\/media\/3550"}],"wp:attachment":[{"href":"https:\/\/www.marelli.com.br\/blog\/wp-json\/wp\/v2\/media?parent=3541"}],"wp:term":[{"taxonomy":"category","embeddable":true,"href":"https:\/\/www.marelli.com.br\/blog\/wp-json\/wp\/v2\/categories?post=3541"},{"taxonomy":"post_tag","embeddable":true,"href":"https:\/\/www.marelli.com.br\/blog\/wp-json\/wp\/v2\/tags?post=3541"}],"curies":[{"name":"wp","href":"https:\/\/api.w.org\/{rel}","templated":true}]}}